{"id":25920,"date":"2023-11-25T12:29:49","date_gmt":"2023-11-25T12:29:49","guid":{"rendered":"https:\/\/dekkbi.com\/?p=25920"},"modified":"2023-11-25T12:29:50","modified_gmt":"2023-11-25T12:29:50","slug":"abdoulaye-diouf-sarr-et-abdou-karim-fofana-les-dessous-dune-bataille-rangee","status":"publish","type":"post","link":"https:\/\/dekkbi.com\/?p=25920","title":{"rendered":"Abdoulaye Diouf Sarr et Abdou Karim Fofana : Les dessous d\u2019une bataille rang\u00e9e"},"content":{"rendered":"\n<p>Amadou B\u00e2, candidat de la mouvance pr\u00e9sidentielle n\u2019a pas pu recevoir, ce vendredi, les milliers de parrains collect\u00e9s par les responsables du d\u00e9partement de Dakar. La c\u00e9r\u00e9monie a \u00e9t\u00e9 interrompue, avant m\u00eame l\u2019arriv\u00e9e des responsables, par une bagarre rang\u00e9e. <\/p>\n\n\n\n<p>Rien ne va plus autour du candidat de \u2018\u2019Benno Bokk Yakaar\u2019\u2019 \u00e0 la Pr\u00e9sidentielle de 2024. En attestent les \u00e9chauffour\u00e9es survenues hier soir lors d\u2019une c\u00e9r\u00e9monie au d\u00e9tour de laquelle Abdou Karim Fofana devait remettre des fiches de parrainage \u00e0 Amadou Ba.<\/p>\n\n\n\n<p>Mais pour comprendre comment on en est arriv\u00e9 \u00e0 cette d\u00e9chirure, \u2018\u2019SourceA\u2019\u2019 informe dans sa livraison de ce samedi que tout est parti d\u2019une brouille entre le d\u00e9l\u00e9gu\u00e9 r\u00e9gional des parrainages \u00e0 Dakar, Abdoulaye Diouf Sarr et le ministre porte-parole du Gouvernement, Abdou Karim Fofana.<\/p>\n\n\n\n<p>Selon le journal, l\u2019ancien ministre de la Sant\u00e9 et de l\u2019Action sociale en veut \u2018\u2019\u00e0 mort\u2019\u2019 \u00e0 Abdou Karim Fofana du fait des c\u00e9r\u00e9monies de remise des parrainages qu\u2019il initie depuis quelque temps, alors qu\u2019il n\u2019est pas le d\u00e9l\u00e9gu\u00e9 r\u00e9gional de Dakar.<\/p>\n\n\n\n<p>D\u2019ailleurs, lors d\u2019une r\u00e9union de la Coordination des cadres r\u00e9publicains (Ccr), l\u2019ancien maire de Yoff a piqu\u00e9 une grosse col\u00e8re, non sans menacer de rendre le tablier. \u00abJe n\u2019ai \u00e9t\u00e9 m\u00eal\u00e9 ni de pr\u00e8s ni de loin \u00e0 la c\u00e9r\u00e9monie de ce vendredi. Mais je prendrai toutes mes responsabilit\u00e9s et je vais r\u00e9gler \u00e7a avec Amadou Ba \u00bb, lit-on dans les colonnes du journal.<\/p>\n\n\n\n<p>Senenews<\/p>\n","protected":false},"excerpt":{"rendered":"<p>Amadou B\u00e2, candidat de la mouvance pr\u00e9sidentielle n\u2019a pas pu recevoir, ce vendredi, les milliers de parrains collect\u00e9s par les<\/p>\n","protected":false},"author":1,"featured_media":25921,"comment_status":"open","ping_status":"open","sticky":false,"template":"","format":"standard","meta":{"footnotes":""},"categories":[26],"tags":[],"class_list":["post-25920","post","type-post","status-publish","format-standard","has-post-thumbnail","hentry","category-fait-divers"],"_links":{"self":[{"href":"https:\/\/dekkbi.com\/index.php?rest_route=\/wp\/v2\/posts\/25920","targetHints":{"allow":["GET"]}}],"collection":[{"href":"https:\/\/dekkbi.com\/index.php?rest_route=\/wp\/v2\/posts"}],"about":[{"href":"https:\/\/dekkbi.com\/index.php?rest_route=\/wp\/v2\/types\/post"}],"author":[{"embeddable":true,"href":"https:\/\/dekkbi.com\/index.php?rest_route=\/wp\/v2\/users\/1"}],"replies":[{"embeddable":true,"href":"https:\/\/dekkbi.com\/index.php?rest_route=%2Fwp%2Fv2%2Fcomments&post=25920"}],"version-history":[{"count":1,"href":"https:\/\/dekkbi.com\/index.php?rest_route=\/wp\/v2\/posts\/25920\/revisions"}],"predecessor-version":[{"id":25922,"href":"https:\/\/dekkbi.com\/index.php?rest_route=\/wp\/v2\/posts\/25920\/revisions\/25922"}],"wp:featuredmedia":[{"embeddable":true,"href":"https:\/\/dekkbi.com\/index.php?rest_route=\/wp\/v2\/media\/25921"}],"wp:attachment":[{"href":"https:\/\/dekkbi.com\/index.php?rest_route=%2Fwp%2Fv2%2Fmedia&parent=25920"}],"wp:term":[{"taxonomy":"category","embeddable":true,"href":"https:\/\/dekkbi.com\/index.php?rest_route=%2Fwp%2Fv2%2Fcategories&post=25920"},{"taxonomy":"post_tag","embeddable":true,"href":"https:\/\/dekkbi.com\/index.php?rest_route=%2Fwp%2Fv2%2Ftags&post=25920"}],"curies":[{"name":"wp","href":"https:\/\/api.w.org\/{rel}","templated":true}]}}