{"id":25876,"date":"2023-11-25T10:07:32","date_gmt":"2023-11-25T10:07:32","guid":{"rendered":"https:\/\/dekkbi.com\/?p=25876"},"modified":"2023-11-25T10:07:33","modified_gmt":"2023-11-25T10:07:33","slug":"candidats-ecartes-labbe-andre-latyr-ndiaye-martele-ses-verites","status":"publish","type":"post","link":"https:\/\/dekkbi.com\/?p=25876","title":{"rendered":"Candidats \u00e9cart\u00e9s : L&rsquo;abb\u00e9 Andr\u00e9 Latyr Ndiaye mart\u00e8le ses v\u00e9rit\u00e9s !"},"content":{"rendered":"\n<p>Le Cur\u00e9 de Gor\u00e9e d\u00e9fend une \u00e9lection inclusive et d\u00e9nonce l&rsquo;\u00e9limination des candidats \u00e0 chaque \u00e9tape dans le but de garder le pouvoir. A travers une vid\u00e9o qui est devenue virale sur le net, Abb\u00e9 Andr\u00e9 Latyr Ndiaye a pr\u00each\u00e9 pour la participation inclusive des candidats aux pr\u00e9sidentielles de 2024.<\/p>\n\n\n\n<p>\u00ab\u00a0Il faut laisser \u00e0 tous les fils du S\u00e9n\u00e9gal de participer \u00e0 ces joutes \u00e9lectorales. Arr\u00eatons notre comportement de vignerons homicides dans le champ politique. Arr\u00eatons d&rsquo;\u00e9liminer tous ces hommes politiques qui incarnent l&rsquo;espoir du peuple, espoirs de beaucoup de personnes. Tous ces hommes politiques que Dieu envoie dans le champ de vignes de notre pays, ont le droit de participer\u00a0\u00bb, a d\u00e9clar\u00e9 ce dernier. Ses propos sont transcrits par Voxpop.<\/p>\n\n\n\n<p>A l&rsquo;en croire , il faut donner \u00e0 tous les candidats d\u00e9clar\u00e9s leurs la chance de participer et Dieu choisira pour le S\u00e9n\u00e9gal. \u00abIl a m\u00eame d\u00e9j\u00e0 choisi un candidat qui apportera la paix, la justice et le bon-heur. On ne doit pas interdire \u00e0 un fils de ce pays de participer aux pr\u00e9sidentielles de 2024\u00bb, a mart\u00e8le Abb\u00e9 Andr\u00e9 Latyr Ndiaye. Cette sortie, diffus\u00e9e dans les r\u00e9seaux sociaux, est loin d&rsquo;\u00eatre une premi\u00e8re pour le religieux, membre du clerg\u00e9 catholique. <\/p>\n\n\n\n<p>Pour preuve, l&rsquo;Abb\u00e9 Andr\u00e9 Latyr Ndiaye, cur\u00e9 de la paroisse de Gor\u00e9e, avait, dans une lettre ouverte, adress\u00e9e au pr\u00e9sident Abdoulaye Wade, et publi\u00e9e le samedi 12 d\u00e9cembre 2009 dans plusieurs quotidiens s\u00e9n\u00e9galais, apport\u00e9 une r\u00e9ponse cinglante contre le locataire du palais. Lequel avait commis l&rsquo;erreur de parler de l&rsquo;absence de reconnaissance de l&rsquo;\u00e9glise catholique.<\/p>\n\n\n\n<p><\/p>\n","protected":false},"excerpt":{"rendered":"<p>Le Cur\u00e9 de Gor\u00e9e d\u00e9fend une \u00e9lection inclusive et d\u00e9nonce l&rsquo;\u00e9limination des candidats \u00e0 chaque \u00e9tape dans le but de<\/p>\n","protected":false},"author":1,"featured_media":25877,"comment_status":"open","ping_status":"open","sticky":false,"template":"","format":"standard","meta":{"footnotes":""},"categories":[21],"tags":[],"class_list":["post-25876","post","type-post","status-publish","format-standard","has-post-thumbnail","hentry","category-societe"],"_links":{"self":[{"href":"https:\/\/dekkbi.com\/index.php?rest_route=\/wp\/v2\/posts\/25876","targetHints":{"allow":["GET"]}}],"collection":[{"href":"https:\/\/dekkbi.com\/index.php?rest_route=\/wp\/v2\/posts"}],"about":[{"href":"https:\/\/dekkbi.com\/index.php?rest_route=\/wp\/v2\/types\/post"}],"author":[{"embeddable":true,"href":"https:\/\/dekkbi.com\/index.php?rest_route=\/wp\/v2\/users\/1"}],"replies":[{"embeddable":true,"href":"https:\/\/dekkbi.com\/index.php?rest_route=%2Fwp%2Fv2%2Fcomments&post=25876"}],"version-history":[{"count":1,"href":"https:\/\/dekkbi.com\/index.php?rest_route=\/wp\/v2\/posts\/25876\/revisions"}],"predecessor-version":[{"id":25878,"href":"https:\/\/dekkbi.com\/index.php?rest_route=\/wp\/v2\/posts\/25876\/revisions\/25878"}],"wp:featuredmedia":[{"embeddable":true,"href":"https:\/\/dekkbi.com\/index.php?rest_route=\/wp\/v2\/media\/25877"}],"wp:attachment":[{"href":"https:\/\/dekkbi.com\/index.php?rest_route=%2Fwp%2Fv2%2Fmedia&parent=25876"}],"wp:term":[{"taxonomy":"category","embeddable":true,"href":"https:\/\/dekkbi.com\/index.php?rest_route=%2Fwp%2Fv2%2Fcategories&post=25876"},{"taxonomy":"post_tag","embeddable":true,"href":"https:\/\/dekkbi.com\/index.php?rest_route=%2Fwp%2Fv2%2Ftags&post=25876"}],"curies":[{"name":"wp","href":"https:\/\/api.w.org\/{rel}","templated":true}]}}