{"id":25873,"date":"2023-11-25T10:03:50","date_gmt":"2023-11-25T10:03:50","guid":{"rendered":"https:\/\/dekkbi.com\/?p=25873"},"modified":"2023-11-25T10:03:51","modified_gmt":"2023-11-25T10:03:51","slug":"un-premier-satellite-motif-despoir-pour-le-spatial-senegalais","status":"publish","type":"post","link":"https:\/\/dekkbi.com\/?p=25873","title":{"rendered":"Un premier satellite motif d&rsquo;espoir pour le spatial s\u00e9n\u00e9galais"},"content":{"rendered":"\n<p>Le S\u00e9n\u00e9gal va r\u00e9ceptionner son premier satellite d\u00e9but d\u00e9cembre \u2013 enti\u00e8rement con\u00e7u et construit par une \u00e9quipe d\u2019ing\u00e9nieurs et de techniciens s\u00e9n\u00e9galais, form\u00e9s au centre spatial universitaire de Montpellier.<\/p>\n\n\n\n<p> Un projet de 1,5 million d\u2019euros port\u00e9 par le minist\u00e8re s\u00e9n\u00e9galais de l\u2019Enseignement sup\u00e9rieur qui esp\u00e8re ainsi booster un nouveau secteur d\u2019activit\u00e9 vecteur d\u2019emplois.C\u2019est au S\u00e9n\u00e9gal, dans une grande salle \u00e9quip\u00e9e en \u00e9crans et ordinateurs que se fera le suivi et le contr\u00f4le du premier satellite s\u00e9n\u00e9galais.<\/p>\n\n\n\n<p> La petite bo\u00eete noire envoy\u00e9e dans l\u2019espace aura pour principale mission de r\u00e9cup\u00e9rer les donn\u00e9es des agences \u00e9tatiques de m\u00e9t\u00e9orologie et de mesure des niveaux d\u2019eau qui ont des stations aux quatre coins du pays.<\/p>\n\n\n\n<p>\u00ab Il fallait aller sur place et r\u00e9cup\u00e9rer les donn\u00e9es \u00bb, indique l\u2019ing\u00e9nieur Ismaila Sall, chef du projet spatial. \u00ab Quitter Dakar pour aller jusqu&rsquo;\u00e0 Ziguinchor  pour r\u00e9cup\u00e9rer des donn\u00e9es, c&rsquo;est assez compliqu\u00e9. Avec le satellite, on peut directement depuis le ciel communiquer avec cette station-l\u00e0, r\u00e9cup\u00e9rer les donn\u00e9es et les transmettre ici m\u00eame \u00e0 Dakar. \u00bb<\/p>\n\n\n\n<p>Ce nanosatellite de 10 centim\u00e8tres d\u2019arr\u00eates passera quatre fois par jour au-dessus du S\u00e9n\u00e9gal pendant cinq ans. Moustapha Diop, ing\u00e9nieur s\u00e9n\u00e9galais de 26 ans est charg\u00e9 de g\u00e9rer la communication entre le satellite et la station au sol.<\/p>\n\n\n\n<p>\u00abJe suis en charge de faire une th\u00e8se sur en t\u00e9l\u00e9communication spatiale. J&rsquo;aimerais bien la faire en France dans les plus grands laboratoires, mais aussi revenir au S\u00e9n\u00e9gal apr\u00e8s pour \u00eatre enseignant, mais aussi participer au d\u00e9veloppement de mon pays notamment pour cette technologie de pointe \u00bb, esp\u00e8re-t-il.<\/p>\n\n\n\n<p>Au total, huit ing\u00e9nieurs et cinq techniciens ont \u00e9t\u00e9 form\u00e9s au Centre spatial universitaire de Montpellier depuis 2020. C&rsquo;est le fruit d\u2019un partenariat avec le minist\u00e8re s\u00e9n\u00e9galais de l\u2019Enseignement sup\u00e9rieur et de la Recherche coordonn\u00e9 par Gayane Faye.\u00ab Si on a pris l&rsquo;option de former les gens, c&rsquo;est vraiment pour cr\u00e9er un secteur \u00bb, souligne Gayane Faye. <\/p>\n\n\n\n<p>\u00ab Cela permettra aussi des startups qui vont se lancer dans ce domaine. On va aussi pouvoir collaborer avec les universit\u00e9s, comme \u00e7a on va permettre des transferts de connaissances, de technologies et pourquoi pas demain former une autre jeunesse ici au S\u00e9n\u00e9gal, que ces jeunes-l\u00e0 pourront former. \u00bb Gr\u00e2ce \u00e0 un partenariat similaire avec le Centre spatial de Montpellier, Djibouti a lanc\u00e9 son premier satellite mi-novembre. <\/p>\n\n\n\n<p>D\u2019autres pays africains pourraient suivre. S\u00e9bastien Hesse, ing\u00e9nieur spatial fran\u00e7ais, explique pourquoi la technologie des satellites miniatures int\u00e9resse de plus en plus :\u00ab Il va y avoir des laboratoires, des universit\u00e9s, \u00e7a peut \u00eatre aussi de l&rsquo;industrie&#8230; Tout le monde commence \u00e0 adopter de plus en plus ces technologies-l\u00e0. <\/p>\n\n\n\n<p>C&rsquo;est d&rsquo;avoir un satellite \u00e0 moindre co\u00fbt, moins cher qu&rsquo;un satellite \u00e0 100 ou 200 kilos, qui peut \u00e9ventuellement faire le m\u00eame type de mission. \u00bb Le premier satellite s\u00e9n\u00e9galais devrait \u00eatre mis en orbite au premier trimestre 2024.<\/p>\n\n\n\n<p>SOURCE RFI<\/p>\n","protected":false},"excerpt":{"rendered":"<p>Le S\u00e9n\u00e9gal va r\u00e9ceptionner son premier satellite d\u00e9but d\u00e9cembre \u2013 enti\u00e8rement con\u00e7u et construit par une \u00e9quipe d\u2019ing\u00e9nieurs et de<\/p>\n","protected":false},"author":1,"featured_media":25874,"comment_status":"open","ping_status":"open","sticky":false,"template":"","format":"standard","meta":{"footnotes":""},"categories":[5],"tags":[],"class_list":["post-25873","post","type-post","status-publish","format-standard","has-post-thumbnail","hentry","category-technologie"],"_links":{"self":[{"href":"https:\/\/dekkbi.com\/index.php?rest_route=\/wp\/v2\/posts\/25873","targetHints":{"allow":["GET"]}}],"collection":[{"href":"https:\/\/dekkbi.com\/index.php?rest_route=\/wp\/v2\/posts"}],"about":[{"href":"https:\/\/dekkbi.com\/index.php?rest_route=\/wp\/v2\/types\/post"}],"author":[{"embeddable":true,"href":"https:\/\/dekkbi.com\/index.php?rest_route=\/wp\/v2\/users\/1"}],"replies":[{"embeddable":true,"href":"https:\/\/dekkbi.com\/index.php?rest_route=%2Fwp%2Fv2%2Fcomments&post=25873"}],"version-history":[{"count":1,"href":"https:\/\/dekkbi.com\/index.php?rest_route=\/wp\/v2\/posts\/25873\/revisions"}],"predecessor-version":[{"id":25875,"href":"https:\/\/dekkbi.com\/index.php?rest_route=\/wp\/v2\/posts\/25873\/revisions\/25875"}],"wp:featuredmedia":[{"embeddable":true,"href":"https:\/\/dekkbi.com\/index.php?rest_route=\/wp\/v2\/media\/25874"}],"wp:attachment":[{"href":"https:\/\/dekkbi.com\/index.php?rest_route=%2Fwp%2Fv2%2Fmedia&parent=25873"}],"wp:term":[{"taxonomy":"category","embeddable":true,"href":"https:\/\/dekkbi.com\/index.php?rest_route=%2Fwp%2Fv2%2Fcategories&post=25873"},{"taxonomy":"post_tag","embeddable":true,"href":"https:\/\/dekkbi.com\/index.php?rest_route=%2Fwp%2Fv2%2Ftags&post=25873"}],"curies":[{"name":"wp","href":"https:\/\/api.w.org\/{rel}","templated":true}]}}