{"id":25835,"date":"2023-11-24T11:41:35","date_gmt":"2023-11-24T11:41:35","guid":{"rendered":"https:\/\/dekkbi.com\/?p=25835"},"modified":"2023-11-24T11:41:36","modified_gmt":"2023-11-24T11:41:36","slug":"accusation-de-viol-en-espagne-neuf-ans-de-prison-requis-contre-daniel-alves","status":"publish","type":"post","link":"https:\/\/dekkbi.com\/?p=25835","title":{"rendered":"Accusation de viol en Espagne : neuf ans de prison requis contre Daniel Alves"},"content":{"rendered":"\n<p>iGFM (Dakar) Selon l&rsquo;acte d&rsquo;accusation, le parquet espagnol a requis neuf ans de prison contre le lat\u00e9ral droit br\u00e9silien Daniel Alves, accus\u00e9 de viol par une jeune femme \u00e0 Barcelone, o\u00f9 il est incarc\u00e9r\u00e9 depuis janvier.Plac\u00e9 en d\u00e9tention provisoire dans une prison proche de Barcelone depuis janvier, Daniel Alves (40 ans) est accus\u00e9 par une jeune femme d&rsquo;un viol, qu&rsquo;il aurait commis dans les toilettes d&rsquo;une discoth\u00e8que de la ville catalane le 30 d\u00e9cembre 2022.<\/p>\n\n\n\n<p>Sachant que la date du proc\u00e8s n&rsquo;a pas encore \u00e9t\u00e9 fix\u00e9e, le parquet espagnol a requis, selon l&rsquo;acte d&rsquo;accusation, neuf ans de prison contre l&rsquo;ex-lat\u00e9ral droit du Bar\u00e7a (2008-2016 puis nov. 2021-2022).<\/p>\n\n\n\n<p> Alors qu&rsquo;un proc\u00e8s sera bient\u00f4t ouvert, le parquet r\u00e9clame aussi une indemnisation de la plaignante \u00e0 hauteur de 150 000 euros, plus \u00ab l&rsquo;interdiction de l&rsquo;approcher \u00bb d&rsquo;elle.Alves nie les faitsLa justice espagnole s&rsquo;est oppos\u00e9e \u00e0 plusieurs reprises \u00e0 sa remise en libert\u00e9 dans l&rsquo;attente du proc\u00e8s, en raison notamment d&rsquo;un \u00ab risque \u00e9lev\u00e9 de fuite \u00bb du joueur au Br\u00e9sil qui n&rsquo;extrade en g\u00e9n\u00e9ral pas ses ressortissants.<\/p>\n\n\n\n<p>Alves avait chang\u00e9 plusieurs fois de version, allant jusqu&rsquo;\u00e0 dire dans une vid\u00e9o d\u00e9but janvier qu&rsquo;il n&rsquo;avait jamais rencontr\u00e9 la plaignante. Il s&rsquo;\u00e9tait justifi\u00e9 en affirmant qu&rsquo;il ne voulait pas mettre en p\u00e9ril son mariage. Joueur faisant partie des plus titr\u00e9s de l&rsquo;histoire, il a connu la p\u00e9riode la plus glorieuse de sa carri\u00e8re au Bar\u00e7a, entre 2008 et 2016, o\u00f9 il a remport\u00e9 23 troph\u00e9es.<\/p>\n","protected":false},"excerpt":{"rendered":"<p>iGFM (Dakar) Selon l&rsquo;acte d&rsquo;accusation, le parquet espagnol a requis neuf ans de prison contre le lat\u00e9ral droit br\u00e9silien Daniel<\/p>\n","protected":false},"author":1,"featured_media":25836,"comment_status":"open","ping_status":"open","sticky":false,"template":"","format":"standard","meta":{"footnotes":""},"categories":[26],"tags":[],"class_list":["post-25835","post","type-post","status-publish","format-standard","has-post-thumbnail","hentry","category-fait-divers"],"_links":{"self":[{"href":"https:\/\/dekkbi.com\/index.php?rest_route=\/wp\/v2\/posts\/25835","targetHints":{"allow":["GET"]}}],"collection":[{"href":"https:\/\/dekkbi.com\/index.php?rest_route=\/wp\/v2\/posts"}],"about":[{"href":"https:\/\/dekkbi.com\/index.php?rest_route=\/wp\/v2\/types\/post"}],"author":[{"embeddable":true,"href":"https:\/\/dekkbi.com\/index.php?rest_route=\/wp\/v2\/users\/1"}],"replies":[{"embeddable":true,"href":"https:\/\/dekkbi.com\/index.php?rest_route=%2Fwp%2Fv2%2Fcomments&post=25835"}],"version-history":[{"count":1,"href":"https:\/\/dekkbi.com\/index.php?rest_route=\/wp\/v2\/posts\/25835\/revisions"}],"predecessor-version":[{"id":25837,"href":"https:\/\/dekkbi.com\/index.php?rest_route=\/wp\/v2\/posts\/25835\/revisions\/25837"}],"wp:featuredmedia":[{"embeddable":true,"href":"https:\/\/dekkbi.com\/index.php?rest_route=\/wp\/v2\/media\/25836"}],"wp:attachment":[{"href":"https:\/\/dekkbi.com\/index.php?rest_route=%2Fwp%2Fv2%2Fmedia&parent=25835"}],"wp:term":[{"taxonomy":"category","embeddable":true,"href":"https:\/\/dekkbi.com\/index.php?rest_route=%2Fwp%2Fv2%2Fcategories&post=25835"},{"taxonomy":"post_tag","embeddable":true,"href":"https:\/\/dekkbi.com\/index.php?rest_route=%2Fwp%2Fv2%2Ftags&post=25835"}],"curies":[{"name":"wp","href":"https:\/\/api.w.org\/{rel}","templated":true}]}}