{"id":25824,"date":"2023-11-24T11:10:08","date_gmt":"2023-11-24T11:10:08","guid":{"rendered":"https:\/\/dekkbi.com\/?p=25824"},"modified":"2023-11-24T11:10:09","modified_gmt":"2023-11-24T11:10:09","slug":"can-2023-la-prediction-du-president-alassane-ouattara","status":"publish","type":"post","link":"https:\/\/dekkbi.com\/?p=25824","title":{"rendered":"CAN 2023 : la pr\u00e9diction du Pr\u00e9sident Alassane Ouattara"},"content":{"rendered":"\n<p>iGFM (Dakar) \u00c0 moins de deux mois du coup d\u2019envoi de la CAN 2023 pr\u00e9vue sur son sol du 13 janvier au 11 f\u00e9vrier 2024, le pr\u00e9sident de la C\u00f4te d\u2019Ivoire, Alassane Ouattara, s\u2019est exprim\u00e9 sur le parcours des \u00c9l\u00e9phants.<\/p>\n\n\n\n<p>Pr\u00e9sent \u00e0 la Chancellerie f\u00e9d\u00e9rale \u00e0 Berlin, en Allemagne, pour la cinqui\u00e8me conf\u00e9rence du G20 \u00ab\u00a0Compact with Africa\u00a0\u00bb, le pr\u00e9sident ivoirien Alassane Ouattara a livr\u00e9 son pronostic concernant la formation de Jean-Louis Gasset \u00e0 la CAN 2023. <\/p>\n\n\n\n<p>Chauvin, le chef d\u2019\u00c9tat ne voit pas S\u00e9bastien Haller et compagnie s\u2019arr\u00eater avant la finale. Mais ce n\u2019est pas tout. Le dirigeant qui aura 82 ans en janvier prochain pr\u00e9dit le S\u00e9n\u00e9gal comme dernier adversaire de la Selephanto.<\/p>\n\n\n\n<p>\u00ab\u00a0Le 13 janvier prochain, nous avons la Coupe d\u2019Afrique des nations o\u00f9 je disais au Chancelier (Olaf Scholz) (\u2026) que j\u2019imagine que la finale sera entre le S\u00e9n\u00e9gal et la C\u00f4te d\u2019Ivoire\u00a0\u00bb, a-t-il d\u00e9clar\u00e9 avant de s\u2019expliquer. \u00ab\u00a0Je promets la coupe \u00e0 un des deux pays parce que je suis originaire du S\u00e9n\u00e9gal et de la C\u00f4te d\u2019Ivoire.\u00a0\u00bbUne finale S\u00e9n\u00e9gal-C\u00f4te d\u2019Ivoire\u2026<\/p>\n\n\n\n<p>Pour affronter le tenant du titre en finale, les Ivoiriens devront toutefois escompter des circonstances favorables, et ensuite passer tous les tours en m\u00eame temps que la bande \u00e0 Sadio Man\u00e9. De peur de jouer \u201cla finale avant la lettre\u201d d\u00e8s les huiti\u00e8mes de finales, au cas o\u00f9 les deux \u00e9quipes finissent deuxi\u00e8mes, ou si la C\u00f4te d\u2019Ivoire finit premi\u00e8re et que les Lions terminent parmi les meilleurs troisi\u00e8mes. <\/p>\n\n\n\n<p>Un sc\u00e9nario pour le moins improbable toutefois, tant le S\u00e9n\u00e9gal fait figure de favori de son groupe. En revanche, une demi-finale C\u00f4te d\u2019Ivoire-S\u00e9n\u00e9gal remporte la faveur des pronostics, \u00e0 supposer qu\u2019Ivoiriens et S\u00e9n\u00e9galais finissent en t\u00eate de leurs groupes et, bien entendu, qu\u2019ils passent les huiti\u00e8mes puis les quarts.<\/p>\n\n\n\n<p>Pour rappel, les \u00c9l\u00e9phants partagent le groupe A avec le Nigeria, la Guin\u00e9e \u00e9quatoriale et la Guin\u00e9e-Bissau, tandis que le S\u00e9n\u00e9gal se coltine le Cameroun, la Guin\u00e9e et la Gambie. La derni\u00e8re confrontation avait vu les deux \u00e9quipes se quitter dos \u00e0 dos sur un r\u00e9sultat nul 1-1, \u00e0 l\u2019occasion d\u2019un amical stade Charl\u00e9ty, \u00e0 Paris, en mars 2017. Sadio Man\u00e9 avait ouvert le score sur penalty \u00e0 la 67e avant l\u2019\u00e9galisation par Cyriac Gohi Bi \u00e0 la 71e minute. La rencontre avait ensuite \u00e9t\u00e9 interrompue \u00e0 la 88e pour cause d\u2019envahissement du terrain par les supporters.<\/p>\n\n\n\n<p><\/p>\n","protected":false},"excerpt":{"rendered":"<p>iGFM (Dakar) \u00c0 moins de deux mois du coup d\u2019envoi de la CAN 2023 pr\u00e9vue sur son sol du 13<\/p>\n","protected":false},"author":1,"featured_media":25825,"comment_status":"open","ping_status":"open","sticky":false,"template":"","format":"standard","meta":{"footnotes":""},"categories":[9],"tags":[],"class_list":["post-25824","post","type-post","status-publish","format-standard","has-post-thumbnail","hentry","category-sports"],"_links":{"self":[{"href":"https:\/\/dekkbi.com\/index.php?rest_route=\/wp\/v2\/posts\/25824","targetHints":{"allow":["GET"]}}],"collection":[{"href":"https:\/\/dekkbi.com\/index.php?rest_route=\/wp\/v2\/posts"}],"about":[{"href":"https:\/\/dekkbi.com\/index.php?rest_route=\/wp\/v2\/types\/post"}],"author":[{"embeddable":true,"href":"https:\/\/dekkbi.com\/index.php?rest_route=\/wp\/v2\/users\/1"}],"replies":[{"embeddable":true,"href":"https:\/\/dekkbi.com\/index.php?rest_route=%2Fwp%2Fv2%2Fcomments&post=25824"}],"version-history":[{"count":1,"href":"https:\/\/dekkbi.com\/index.php?rest_route=\/wp\/v2\/posts\/25824\/revisions"}],"predecessor-version":[{"id":25826,"href":"https:\/\/dekkbi.com\/index.php?rest_route=\/wp\/v2\/posts\/25824\/revisions\/25826"}],"wp:featuredmedia":[{"embeddable":true,"href":"https:\/\/dekkbi.com\/index.php?rest_route=\/wp\/v2\/media\/25825"}],"wp:attachment":[{"href":"https:\/\/dekkbi.com\/index.php?rest_route=%2Fwp%2Fv2%2Fmedia&parent=25824"}],"wp:term":[{"taxonomy":"category","embeddable":true,"href":"https:\/\/dekkbi.com\/index.php?rest_route=%2Fwp%2Fv2%2Fcategories&post=25824"},{"taxonomy":"post_tag","embeddable":true,"href":"https:\/\/dekkbi.com\/index.php?rest_route=%2Fwp%2Fv2%2Ftags&post=25824"}],"curies":[{"name":"wp","href":"https:\/\/api.w.org\/{rel}","templated":true}]}}