{"id":25760,"date":"2023-11-23T10:18:17","date_gmt":"2023-11-23T10:18:17","guid":{"rendered":"https:\/\/dekkbi.com\/?p=25760"},"modified":"2023-11-23T10:18:17","modified_gmt":"2023-11-23T10:18:17","slug":"loi-immigration-en-letat-nous-navons-aucune-raison-de-voter-ce-texte-declare-marine-le-pen","status":"publish","type":"post","link":"https:\/\/dekkbi.com\/?p=25760","title":{"rendered":"Loi immigration : \u00ab\u00a0En l&rsquo;\u00e9tat, nous n&rsquo;avons aucune raison de voter ce texte\u00a0\u00bb, d\u00e9clare Marine Le Pen"},"content":{"rendered":"\n<p>Interrog\u00e9e sur le projet de loi immigration, Marine Le Pen a r\u00e9affirm\u00e9 sur France Inter son opposition \u00e0 l&rsquo;article 3 du projet de loi, devenu 4 bis au S\u00e9nat. La loi immigration a entam\u00e9 mardi son parcours \u00e0 l&rsquo;Assembl\u00e9e.<\/p>\n\n\n\n<p>\u00ab\u00a0\u00c0 partir du moment o\u00f9 l&rsquo;id\u00e9ologie de l&rsquo;article 3 est toujours dans le texte, en l&rsquo;\u00e9tat, nous n&rsquo;avons aucune raison de le voter\u00a0\u00bb, a expliqu\u00e9 Marine Le Pen, pr\u00e9sidente du groupe Rassemblement national \u00e0 l&rsquo;Assembl\u00e9e, jeudi 23 novembre sur France Inter, interrog\u00e9e sur le projet de loi immigration, qui a entam\u00e9 mardi son parcours \u00e0 l&rsquo;Assembl\u00e9e.<\/p>\n\n\n\n<p>Le gouvernement est reparti de la copie du S\u00e9nat, adopt\u00e9e le 14 novembre en premi\u00e8re lecture dans une version fortement durcie.<\/p>\n\n\n\n<p> \u00ab\u00a0La duret\u00e9 des s\u00e9nateurs LR, en r\u00e9alit\u00e9, est une mollesse absolue en mati\u00e8re d&rsquo;immigration\u00a0\u00bb, a tacl\u00e9 Marine Le Pen. \u00ab\u00a0C&rsquo;est encore une fili\u00e8re suppl\u00e9mentaire qui est int\u00e9gr\u00e9e dans ce texte, c&rsquo;est inadmissible compte tenu de la situation que nous vivons\u00a0\u00bb, a-t-elle poursuivi, fustigeant ainsi l&rsquo;article 3 du projet de loi, devenu 4 bis au S\u00e9nat.<\/p>\n\n\n\n<p>Cet article, qui pr\u00e9voit de r\u00e9gulariser les travailleurs sans papiers dans les \u00ab\u00a0m\u00e9tiers en tension\u00a0\u00bb, cristallise depuis le d\u00e9part l&rsquo;hostilit\u00e9 de la droite et de l&rsquo;extr\u00eame droite. \u00ab\u00a0Comme je ne suis pas un lapin de l&rsquo;ann\u00e9e, ce n&rsquo;est pas parce qu&rsquo;on me dit que l&rsquo;article 3 s&rsquo;appelle maintenant article 4 bis que je vais le voter. Je sais que c&rsquo;est le m\u00eame en r\u00e9alit\u00e9\u00a0\u00bb, a estim\u00e9 la cheffe de file des d\u00e9put\u00e9s RN.<\/p>\n","protected":false},"excerpt":{"rendered":"<p>Interrog\u00e9e sur le projet de loi immigration, Marine Le Pen a r\u00e9affirm\u00e9 sur France Inter son opposition \u00e0 l&rsquo;article 3<\/p>\n","protected":false},"author":1,"featured_media":25761,"comment_status":"open","ping_status":"open","sticky":false,"template":"","format":"standard","meta":{"footnotes":""},"categories":[51],"tags":[],"class_list":["post-25760","post","type-post","status-publish","format-standard","has-post-thumbnail","hentry","category-general"],"_links":{"self":[{"href":"https:\/\/dekkbi.com\/index.php?rest_route=\/wp\/v2\/posts\/25760","targetHints":{"allow":["GET"]}}],"collection":[{"href":"https:\/\/dekkbi.com\/index.php?rest_route=\/wp\/v2\/posts"}],"about":[{"href":"https:\/\/dekkbi.com\/index.php?rest_route=\/wp\/v2\/types\/post"}],"author":[{"embeddable":true,"href":"https:\/\/dekkbi.com\/index.php?rest_route=\/wp\/v2\/users\/1"}],"replies":[{"embeddable":true,"href":"https:\/\/dekkbi.com\/index.php?rest_route=%2Fwp%2Fv2%2Fcomments&post=25760"}],"version-history":[{"count":1,"href":"https:\/\/dekkbi.com\/index.php?rest_route=\/wp\/v2\/posts\/25760\/revisions"}],"predecessor-version":[{"id":25762,"href":"https:\/\/dekkbi.com\/index.php?rest_route=\/wp\/v2\/posts\/25760\/revisions\/25762"}],"wp:featuredmedia":[{"embeddable":true,"href":"https:\/\/dekkbi.com\/index.php?rest_route=\/wp\/v2\/media\/25761"}],"wp:attachment":[{"href":"https:\/\/dekkbi.com\/index.php?rest_route=%2Fwp%2Fv2%2Fmedia&parent=25760"}],"wp:term":[{"taxonomy":"category","embeddable":true,"href":"https:\/\/dekkbi.com\/index.php?rest_route=%2Fwp%2Fv2%2Fcategories&post=25760"},{"taxonomy":"post_tag","embeddable":true,"href":"https:\/\/dekkbi.com\/index.php?rest_route=%2Fwp%2Fv2%2Ftags&post=25760"}],"curies":[{"name":"wp","href":"https:\/\/api.w.org\/{rel}","templated":true}]}}