{"id":2574,"date":"2022-11-02T15:10:14","date_gmt":"2022-11-02T15:10:14","guid":{"rendered":"https:\/\/dekkbi.com\/?p=2574"},"modified":"2022-11-02T15:10:16","modified_gmt":"2022-11-02T15:10:16","slug":"la-cap-annonce-des-assises-pour-sauver-la-presse","status":"publish","type":"post","link":"https:\/\/dekkbi.com\/?p=2574","title":{"rendered":"La CAP annonce \u00ab\u00a0des assises pour sauver la presse\u00a0\u00bb"},"content":{"rendered":"\n<p>La situation pr\u00e9caire des m\u00e9dias et les menaces qui planent sur les entreprises de presse et les journalistes pr\u00e9occupent au plus au niveau les acteurs du secteur, notamment la coordination des associations de presse. En conf\u00e9rence de presse ce mercredi, la cap a tir\u00e9 sur la sonnette d&rsquo;alarme et affirme que des options de sortie de crise sont imp\u00e9ratives. A cet effet, la tenue des assises nationale de presse sont envisag\u00e9e d&rsquo;apr\u00e8s la dite coordination qui regroupe APPEL, CDEPS, CJRS, CORED, SYNPICS, et URAC<\/p>\n\n\n\n<figure class=\"wp-block-embed is-type-rich is-provider-prise-en-charge-des-contenus-embarques wp-block-embed-prise-en-charge-des-contenus-embarques\"><div class=\"wp-block-embed__wrapper\">\nhttps:\/\/youtube.com\/watch?v=wekJZNqdUdY%3Frel%3D0\n<\/div><\/figure>\n\n\n\n<p>PUBLICIT\u00c9<ins><\/ins><\/p>\n","protected":false},"excerpt":{"rendered":"<p>La situation pr\u00e9caire des m\u00e9dias et les menaces qui planent sur les entreprises de presse et les journalistes pr\u00e9occupent au<\/p>\n","protected":false},"author":1,"featured_media":2576,"comment_status":"open","ping_status":"open","sticky":false,"template":"","format":"standard","meta":{"footnotes":""},"categories":[21],"tags":[],"class_list":["post-2574","post","type-post","status-publish","format-standard","has-post-thumbnail","hentry","category-societe"],"_links":{"self":[{"href":"https:\/\/dekkbi.com\/index.php?rest_route=\/wp\/v2\/posts\/2574","targetHints":{"allow":["GET"]}}],"collection":[{"href":"https:\/\/dekkbi.com\/index.php?rest_route=\/wp\/v2\/posts"}],"about":[{"href":"https:\/\/dekkbi.com\/index.php?rest_route=\/wp\/v2\/types\/post"}],"author":[{"embeddable":true,"href":"https:\/\/dekkbi.com\/index.php?rest_route=\/wp\/v2\/users\/1"}],"replies":[{"embeddable":true,"href":"https:\/\/dekkbi.com\/index.php?rest_route=%2Fwp%2Fv2%2Fcomments&post=2574"}],"version-history":[{"count":1,"href":"https:\/\/dekkbi.com\/index.php?rest_route=\/wp\/v2\/posts\/2574\/revisions"}],"predecessor-version":[{"id":2577,"href":"https:\/\/dekkbi.com\/index.php?rest_route=\/wp\/v2\/posts\/2574\/revisions\/2577"}],"wp:featuredmedia":[{"embeddable":true,"href":"https:\/\/dekkbi.com\/index.php?rest_route=\/wp\/v2\/media\/2576"}],"wp:attachment":[{"href":"https:\/\/dekkbi.com\/index.php?rest_route=%2Fwp%2Fv2%2Fmedia&parent=2574"}],"wp:term":[{"taxonomy":"category","embeddable":true,"href":"https:\/\/dekkbi.com\/index.php?rest_route=%2Fwp%2Fv2%2Fcategories&post=2574"},{"taxonomy":"post_tag","embeddable":true,"href":"https:\/\/dekkbi.com\/index.php?rest_route=%2Fwp%2Fv2%2Ftags&post=2574"}],"curies":[{"name":"wp","href":"https:\/\/api.w.org\/{rel}","templated":true}]}}