{"id":25706,"date":"2023-11-22T10:30:01","date_gmt":"2023-11-22T10:30:01","guid":{"rendered":"https:\/\/dekkbi.com\/?p=25706"},"modified":"2023-11-22T10:30:01","modified_gmt":"2023-11-22T10:30:01","slug":"abdou-karim-sall-dg-dartp-sur-le-plan-du-leadership-et-de-la-diplomatie-le-president-macky-sall-dont-son-combat-valorise-lafrique-et-les-africains-est-imbattable","status":"publish","type":"post","link":"https:\/\/dekkbi.com\/?p=25706","title":{"rendered":"Abdou Karim Sall, DG d\u2019Artp: \u00ab Sur le plan du leadership et de la diplomatie, le Pr\u00e9sident Macky Sall, dont son combat valorise l\u2019Afrique et les Africains, est imbattable \u00bb"},"content":{"rendered":"\n<p>Abdou Karim Sall, actuel Directeur de l\u2019Autorit\u00e9 de R\u00e9gulation des T\u00e9l\u00e9communications et des Postes (Artp) se rappelle de son choix d\u2019accompagner Macky Sall depuis la coalition \u00ab Dekal Ngor \u00bb. <\/p>\n\n\n\n<p>Il ne manque de souligner les multiples qualit\u00e9s du Chef de l\u2019Etat, dont il estime qu\u2019il a toutes les qualit\u00e9s et comp\u00e9tences. En plus d\u2019\u00eatre un intellectuel de haut niveau, Macky Sall, indique-t-il, est un homme serein qui sait bien prendre des d\u00e9cisions.<\/p>\n\n\n\n<p> L\u2019ancien Ministre de l\u2019environnement et du d\u00e9veloppement durable rel\u00e8ve que le Pr\u00e9sident Sall a \u00e9t\u00e9 d\u2019abord, choisi par les S\u00e9n\u00e9galais pour son programme et l\u2019espoir qu\u2019il suscitait.<\/p>\n\n\n\n<p> Mais, en 2019, il a \u00e9t\u00e9 r\u00e9\u00e9lu sur la base des r\u00e9sultats et de sa volont\u00e9 manifeste de conduire le pays vers l\u2019\u00e9mergence. Il se dit impressionn\u00e9 le comportement r\u00e9publicain du Chef de l\u2019Etat. Lequel, il voue un grand respect, tout en promettant que personne ne prendra jamais \u00e0 d\u00e9faut de sa loyaut\u00e9.<\/p>\n\n\n\n<figure class=\"wp-block-embed is-type-video is-provider-youtube wp-block-embed-youtube wp-embed-aspect-16-9 wp-has-aspect-ratio\"><div class=\"wp-block-embed__wrapper\">\n<iframe loading=\"lazy\" title=\"Abdou Karim Sall: \u00ab Sur le plan du leadership et de la diplomatie, le Pr\u00e9sident Sall est imbattable&quot;\" width=\"800\" height=\"450\" src=\"https:\/\/www.youtube.com\/embed\/ZK7J7gjmsAY?feature=oembed\" frameborder=\"0\" allow=\"accelerometer; autoplay; clipboard-write; encrypted-media; gyroscope; picture-in-picture; web-share\" allowfullscreen><\/iframe>\n<\/div><\/figure>\n\n\n\n<p>SOURCE LERAL<\/p>\n","protected":false},"excerpt":{"rendered":"<p>Abdou Karim Sall, actuel Directeur de l\u2019Autorit\u00e9 de R\u00e9gulation des T\u00e9l\u00e9communications et des Postes (Artp) se rappelle de son choix<\/p>\n","protected":false},"author":1,"featured_media":7810,"comment_status":"open","ping_status":"open","sticky":false,"template":"","format":"standard","meta":{"footnotes":""},"categories":[3],"tags":[],"class_list":["post-25706","post","type-post","status-publish","format-standard","has-post-thumbnail","hentry","category-event-more-news"],"_links":{"self":[{"href":"https:\/\/dekkbi.com\/index.php?rest_route=\/wp\/v2\/posts\/25706","targetHints":{"allow":["GET"]}}],"collection":[{"href":"https:\/\/dekkbi.com\/index.php?rest_route=\/wp\/v2\/posts"}],"about":[{"href":"https:\/\/dekkbi.com\/index.php?rest_route=\/wp\/v2\/types\/post"}],"author":[{"embeddable":true,"href":"https:\/\/dekkbi.com\/index.php?rest_route=\/wp\/v2\/users\/1"}],"replies":[{"embeddable":true,"href":"https:\/\/dekkbi.com\/index.php?rest_route=%2Fwp%2Fv2%2Fcomments&post=25706"}],"version-history":[{"count":1,"href":"https:\/\/dekkbi.com\/index.php?rest_route=\/wp\/v2\/posts\/25706\/revisions"}],"predecessor-version":[{"id":25707,"href":"https:\/\/dekkbi.com\/index.php?rest_route=\/wp\/v2\/posts\/25706\/revisions\/25707"}],"wp:featuredmedia":[{"embeddable":true,"href":"https:\/\/dekkbi.com\/index.php?rest_route=\/wp\/v2\/media\/7810"}],"wp:attachment":[{"href":"https:\/\/dekkbi.com\/index.php?rest_route=%2Fwp%2Fv2%2Fmedia&parent=25706"}],"wp:term":[{"taxonomy":"category","embeddable":true,"href":"https:\/\/dekkbi.com\/index.php?rest_route=%2Fwp%2Fv2%2Fcategories&post=25706"},{"taxonomy":"post_tag","embeddable":true,"href":"https:\/\/dekkbi.com\/index.php?rest_route=%2Fwp%2Fv2%2Ftags&post=25706"}],"curies":[{"name":"wp","href":"https:\/\/api.w.org\/{rel}","templated":true}]}}