{"id":25692,"date":"2023-11-22T09:59:39","date_gmt":"2023-11-22T09:59:39","guid":{"rendered":"https:\/\/dekkbi.com\/?p=25692"},"modified":"2023-11-22T09:59:39","modified_gmt":"2023-11-22T09:59:39","slug":"pyongyang-affirme-observer-des-bases-americaines-grace-a-un-satellite","status":"publish","type":"post","link":"https:\/\/dekkbi.com\/?p=25692","title":{"rendered":"Pyongyang affirme observer des bases am\u00e9ricaines gr\u00e2ce \u00e0 un satellite"},"content":{"rendered":"\n<p>La Cor\u00e9e du Nord affirme mercredi que son dirigeant Kim Jong Un a examin\u00e9 des photographies des principales bases militaires am\u00e9ricaines \u00e0 Guam gr\u00e2ce \u00e0 son premier satellite espion qu&rsquo;elle assure avoir plac\u00e9 en orbite.<\/p>\n\n\n\n<p>En r\u00e9action \u00e0 ce lancement revendiqu\u00e9 par Pyongyang en violation des r\u00e9solutions de l&rsquo;ONU, la Cor\u00e9e du Sud a partiellement suspendu un accord militaire avec son voisin du Nord.Kim Jong Un \u00ab\u00a0a regard\u00e9 les photos a\u00e9rospatiales de la base a\u00e9rienne d&rsquo;Anderson, d&rsquo;Apra Harbour et d&rsquo;autres bases militaires majeures des forces am\u00e9ricaines, prises du ciel au-dessus de Guam dans le Pacifique, re\u00e7ues \u00e0 9H21 le 22 novembre\u00a0\u00bb, a annonc\u00e9 KCNA, l&rsquo;agence d&rsquo;Etat nord-cor\u00e9enne.<\/p>\n\n\n\n<p>Une fus\u00e9e qui a d\u00e9coll\u00e9 mardi soir a suivi la trajectoire pr\u00e9vue \u00ab\u00a0et est parvenue \u00e0 mettre le satellite Malligyong-1 sur son orbite\u00a0\u00bb, avait annonc\u00e9 auparavant l&rsquo;agence.<\/p>\n\n\n\n<p>La R\u00e9publique populaire d\u00e9mocratique de Cor\u00e9e (RPDC), nom officiel de la Cor\u00e9e du Nord, pr\u00e9voit de lancer d&rsquo;autres satellites \u00ab\u00a0dans un court laps de temps\u00a0\u00bb afin de renforcer ses capacit\u00e9s de surveillance de la Cor\u00e9e du Sud, a-t-elle ajout\u00e9.\u00a0\u00bbLe lancement d&rsquo;un satellite de reconnaissance est un droit l\u00e9gitime de la RPDC pour renforcer ses capacit\u00e9s d&rsquo;autod\u00e9fense\u00a0\u00bb, a soulign\u00e9 KCNA alors que le pays s&rsquo;estime menac\u00e9 par la Cor\u00e9e du Sud et les Etats-Unis.<\/p>\n\n\n\n<p>L&rsquo;\u00e9tat-major de l&rsquo;arm\u00e9e sud-cor\u00e9enne a pr\u00e9cis\u00e9 de son c\u00f4t\u00e9 qu&rsquo;il analysait ce lancement, et ne pouvait pas pour l&rsquo;instant confirmer que le satellite avait bien \u00e9t\u00e9 plac\u00e9 en orbite. Le Japon a \u00e9galement affirm\u00e9 qu&rsquo;il ne pouvait pas non plus le confirmer \u00ab\u00a0\u00e0 ce stade\u00a0\u00bb.<\/p>\n\n\n\n<p>Le minist\u00e8re japonais de la D\u00e9fense \u00ab\u00a0est en train d&rsquo;analyser\u00a0\u00bb le lancement nord-cor\u00e9en, a d\u00e9clar\u00e9 mercredi le porte-parole du gouvernement nippon Hirokazu Matsuno, ajoutant que le d\u00e9veloppement rapide par Pyongyang de \u00ab\u00a0ses technologies li\u00e9es aux missiles et ses capacit\u00e9s op\u00e9rationnelles\u00a0\u00bb ne devait \u00eatre ni \u00ab\u00a0tol\u00e9r\u00e9\u00a0\u00bb ni \u00ab\u00a0n\u00e9glig\u00e9\u00a0\u00bb.<\/p>\n\n\n\n<p>La Chine a appel\u00e9 mercredi au \u00ab\u00a0calme\u00a0\u00bb et \u00ab\u00a0\u00e0 la retenue\u00a0\u00bb toutes les parties concern\u00e9es.\u00a0\u00bbToutes les parties concern\u00e9es doivent rester calmes et faire preuve de retenue (&#8230;) et faire davantage de choses propices \u00e0 l&rsquo;apaisement des tensions\u00a0\u00bb, a exhort\u00e9 devant la presse une porte-parole de la diplomatie chinoise, Mao Ning.La Cor\u00e9e du Nord avait d\u00e9j\u00e0 tent\u00e9 \u00e0 deux reprises, sans succ\u00e8s, de mettre en orbite un satellite, en mai et en ao\u00fbt derniers.<\/p>\n\n\n\n<h2 class=\"wp-block-heading\">Accord partiellement suspendu<\/h2>\n\n\n\n<p>La Cor\u00e9e du Sud a r\u00e9agi en annon\u00e7ant la suspension partielle d&rsquo;un accord militaire sign\u00e9 avec la Cor\u00e9e du Nord le 19 septembre 2018 pour r\u00e9duire les tensions le long de la fronti\u00e8re intercor\u00e9enne hautement s\u00e9curis\u00e9e, en cr\u00e9ant notamment des \u00ab\u00a0zones tampon\u00a0\u00bb maritimes.<\/p>\n","protected":false},"excerpt":{"rendered":"<p>La Cor\u00e9e du Nord affirme mercredi que son dirigeant Kim Jong Un a examin\u00e9 des photographies des principales bases militaires<\/p>\n","protected":false},"author":1,"featured_media":25693,"comment_status":"open","ping_status":"open","sticky":false,"template":"","format":"standard","meta":{"footnotes":""},"categories":[51],"tags":[],"class_list":["post-25692","post","type-post","status-publish","format-standard","has-post-thumbnail","hentry","category-general"],"_links":{"self":[{"href":"https:\/\/dekkbi.com\/index.php?rest_route=\/wp\/v2\/posts\/25692","targetHints":{"allow":["GET"]}}],"collection":[{"href":"https:\/\/dekkbi.com\/index.php?rest_route=\/wp\/v2\/posts"}],"about":[{"href":"https:\/\/dekkbi.com\/index.php?rest_route=\/wp\/v2\/types\/post"}],"author":[{"embeddable":true,"href":"https:\/\/dekkbi.com\/index.php?rest_route=\/wp\/v2\/users\/1"}],"replies":[{"embeddable":true,"href":"https:\/\/dekkbi.com\/index.php?rest_route=%2Fwp%2Fv2%2Fcomments&post=25692"}],"version-history":[{"count":1,"href":"https:\/\/dekkbi.com\/index.php?rest_route=\/wp\/v2\/posts\/25692\/revisions"}],"predecessor-version":[{"id":25694,"href":"https:\/\/dekkbi.com\/index.php?rest_route=\/wp\/v2\/posts\/25692\/revisions\/25694"}],"wp:featuredmedia":[{"embeddable":true,"href":"https:\/\/dekkbi.com\/index.php?rest_route=\/wp\/v2\/media\/25693"}],"wp:attachment":[{"href":"https:\/\/dekkbi.com\/index.php?rest_route=%2Fwp%2Fv2%2Fmedia&parent=25692"}],"wp:term":[{"taxonomy":"category","embeddable":true,"href":"https:\/\/dekkbi.com\/index.php?rest_route=%2Fwp%2Fv2%2Fcategories&post=25692"},{"taxonomy":"post_tag","embeddable":true,"href":"https:\/\/dekkbi.com\/index.php?rest_route=%2Fwp%2Fv2%2Ftags&post=25692"}],"curies":[{"name":"wp","href":"https:\/\/api.w.org\/{rel}","templated":true}]}}