{"id":25536,"date":"2023-11-20T11:37:44","date_gmt":"2023-11-20T11:37:44","guid":{"rendered":"https:\/\/dekkbi.com\/?p=25536"},"modified":"2023-11-20T11:37:46","modified_gmt":"2023-11-20T11:37:46","slug":"declaration-avortee-du-chef-de-lex-pastef-la-garde-des-sceaux-coupe-le-micro-a-sonko","status":"publish","type":"post","link":"https:\/\/dekkbi.com\/?p=25536","title":{"rendered":"D\u00e9claration avort\u00e9e du chef de l\u2019ex-Pastef : La Garde des sceaux coupe le micro \u00e0 Sonko"},"content":{"rendered":"\n<p>Contrairement \u00e0 ce qui avait \u00e9t\u00e9 annonc\u00e9 puis report\u00e9 \u00e0 deux heures plus tard, la d\u00e9claration du leader de l\u2019ex-parti Pastef, Ousmane Sonko, n\u2019a pas eu lieu. La r\u00e9action du minist\u00e8re de la Justice, par le biais de la Direction de l\u2019administration p\u00e9nitentiaire (Dap) est pass\u00e9e par l\u00e0. Les services dirig\u00e9s par le Colonel Abdoulaye Diagne avaient, en effet, produit, dans la journ\u00e9e d\u2019hier, un communiqu\u00e9 dans lequel ils mettaient en garde contre la diffusion d\u2019une d\u00e9claration de Ousmane Sonko. Aux yeux des matons et du point de vue des dispositions l\u00e9gales, le statut de d\u00e9tenu du chef de l\u2019ex-parti Pastef ne lui donne pas droit \u00e0 cela.<\/p>\n\n\n\n<p>La Direction de l\u2019administration p\u00e9nitentiaire indique, en effet, dans son document\u00a0: \u00abIl est annonc\u00e9 que le d\u00e9tenu Ousmane Sonko d\u00e9livrera un message public ce jour (hier dimanche). <\/p>\n\n\n\n<p>L\u2019Administration p\u00e9nitentiaire tient \u00e0 rappeler qu\u2019un d\u00e9tenu n\u2019a pas le droit de communiquer avec l\u2019ext\u00e9rieur, de fa\u00e7on directe comme indirecte.\u00bb\u00a0<\/p>\n\n\n\n<p>Avant d\u2019ajouter\u00a0: \u00abComme il est de son droit, le d\u00e9tenu Ousmane Sonko communique pendant ses visites qui sont organis\u00e9es. Ses visiteurs sont fouill\u00e9s, \u00e0 l\u2019exception des avocats qui sont soumis \u00e0 une d\u00e9ontologie stricte.\u00bb<\/p>\n\n\n\n<p>\u00abSi des complicit\u00e9s \u00e0 un quelconque niveau devaient \u00eatre d\u00e9tect\u00e9es dans l\u2019utilisation d\u2019un moyen ext\u00e9rieur de communication, les sanctions idoines se\u00adraient prises contre leurs au\u00adteurs, les complices et le d\u00e9tenu\u00bb, ont pr\u00e9venu le Colo\u00adnel Abdoulaye Diagne, Direc\u00adteur g\u00e9n\u00e9ral de l\u2019Admi\u00adnistra\u00adtion p\u00e9ni\u00adtentiaire, et ses collaborateurs.<\/p>\n\n\n\n<p><br><strong>Par Mamadou T. DIATTA \u2013 mdiatta@lequotidien.sn<\/strong><\/p>\n","protected":false},"excerpt":{"rendered":"<p>Contrairement \u00e0 ce qui avait \u00e9t\u00e9 annonc\u00e9 puis report\u00e9 \u00e0 deux heures plus tard, la d\u00e9claration du leader de l\u2019ex-parti<\/p>\n","protected":false},"author":1,"featured_media":25537,"comment_status":"open","ping_status":"open","sticky":false,"template":"","format":"standard","meta":{"footnotes":""},"categories":[21],"tags":[],"class_list":["post-25536","post","type-post","status-publish","format-standard","has-post-thumbnail","hentry","category-societe"],"_links":{"self":[{"href":"https:\/\/dekkbi.com\/index.php?rest_route=\/wp\/v2\/posts\/25536","targetHints":{"allow":["GET"]}}],"collection":[{"href":"https:\/\/dekkbi.com\/index.php?rest_route=\/wp\/v2\/posts"}],"about":[{"href":"https:\/\/dekkbi.com\/index.php?rest_route=\/wp\/v2\/types\/post"}],"author":[{"embeddable":true,"href":"https:\/\/dekkbi.com\/index.php?rest_route=\/wp\/v2\/users\/1"}],"replies":[{"embeddable":true,"href":"https:\/\/dekkbi.com\/index.php?rest_route=%2Fwp%2Fv2%2Fcomments&post=25536"}],"version-history":[{"count":1,"href":"https:\/\/dekkbi.com\/index.php?rest_route=\/wp\/v2\/posts\/25536\/revisions"}],"predecessor-version":[{"id":25538,"href":"https:\/\/dekkbi.com\/index.php?rest_route=\/wp\/v2\/posts\/25536\/revisions\/25538"}],"wp:featuredmedia":[{"embeddable":true,"href":"https:\/\/dekkbi.com\/index.php?rest_route=\/wp\/v2\/media\/25537"}],"wp:attachment":[{"href":"https:\/\/dekkbi.com\/index.php?rest_route=%2Fwp%2Fv2%2Fmedia&parent=25536"}],"wp:term":[{"taxonomy":"category","embeddable":true,"href":"https:\/\/dekkbi.com\/index.php?rest_route=%2Fwp%2Fv2%2Fcategories&post=25536"},{"taxonomy":"post_tag","embeddable":true,"href":"https:\/\/dekkbi.com\/index.php?rest_route=%2Fwp%2Fv2%2Ftags&post=25536"}],"curies":[{"name":"wp","href":"https:\/\/api.w.org\/{rel}","templated":true}]}}