{"id":2549,"date":"2022-11-02T10:09:48","date_gmt":"2022-11-02T10:09:48","guid":{"rendered":"https:\/\/dekkbi.com\/?p=2549"},"modified":"2022-11-02T10:09:49","modified_gmt":"2022-11-02T10:09:49","slug":"sonko-chez-le-juge-demain-pour-une-sweet-dans-le-calme","status":"publish","type":"post","link":"https:\/\/dekkbi.com\/?p=2549","title":{"rendered":"Sonko chez le juge demain : Pour une Sweet dans le calme"},"content":{"rendered":"\n<p><strong>La Conf\u00e9rence des leaders de Yewwi va indiquer \u00e0 l\u2019opinion quelle position elle va prendre face \u00e0 la convocation par la Justice de Sonko demain. L\u2019int\u00e9r\u00eat de Sonko et du pays serait que tout se passe dans le calme.<\/strong><\/p>\n\n\n\n<p><strong>Par Mohamed GUEYE<\/strong>&nbsp;\u2013 En pr\u00e9lude \u00e0 la convocation de Ousmane Sonko demain par le juge, pour \u00eatre entendu sur les accusations qui sont port\u00e9es \u00e0 son endroit par la dame Adji Sarr dans le cadre de ce qui est commun\u00e9ment appel\u00e9 \u00abAffaire Sweet Beauty\u00bb, les alli\u00e9s du leader du Pastef veulent sonner la mobilisation. On imagine que ce sera cela l\u2019objet du point de presse que la Conf\u00e9rence des leaders de Yewwi compte tenir ce matin.<\/p>\n\n\n\n<p>S\u2019il ne s\u2019agit pas pour ces responsables politiques de vouloir braver la loi et l\u2019autorit\u00e9, ce ne sera pas non plus trop s\u2019avancer que de penser qu\u2019ils vont vouloir mobiliser une grande foule pour \u00abaccompagner\u00bb leur compagnon \u00e0 son rendez-vous avec le juge Oumar Maham Diallo, \u00e0 l\u2019image de ce qu\u2019ils avaient voulu faire en mars 2021, lors de la premi\u00e8re convocation du m\u00eame Ousmane Sonko.<\/p>\n\n\n\n<p>Or, cette fois-ci, les Forces de l\u2019ordre ne semblent pas vouloir se laisser prendre par surprise, et ont pris des dispositions pour \u00abquadriller\u00bb la ville et s\u00e9curiser les personnes et les biens. Il est \u00e0 croire que la mobilit\u00e9 des personnes sera fortement r\u00e9duite au centre-ville demain. Si les gens persistent \u00e0 vouloir braver les interdictions de rassemblement, cela ne manquera pas de d\u00e9boucher sur des affrontements.<\/p>\n\n\n\n<p>Cette affaire, qui tend \u00e0 prendre ce pays en otage, n\u2019a que trop dur\u00e9, et cela n\u2019est dans l\u2019int\u00e9r\u00eat de personne. M\u00eame Ousmane Sonko a int\u00e9r\u00eat \u00e0 crever l\u2019abc\u00e8s et \u00e0 savoir ce que lui r\u00e9servent les juges de son pays. Ce n\u2019est pas bien, pour la suite de sa carri\u00e8re, qu\u2019il se r\u00e9fugie derri\u00e8re des hordes de fid\u00e8les pour vouloir \u00e9chapper aux accusations d\u2019une faible femme. L\u2019attitude responsable pour un dirigeant politique de sa trempe serait, tout en appelant \u00e0 la mobilisation de ses troupes, de leur demander de garder leur s\u00e9r\u00e9nit\u00e9 et de le laisser se rendre seul au Tribunal. Ce sera la meilleure mani\u00e8re d\u2019\u00e9viter une tragique bavure.<\/p>\n\n\n\n<p>Cette affaire a d\u00e9j\u00e0 caus\u00e9 plusieurs morts et bless\u00e9s\u00a0; personne n\u2019a int\u00e9r\u00eat \u00e0 ce qu\u2019il y en ait d\u2019autres. Surtout pas Ousmane Sonko.<\/p>\n\n\n\n<p><br><strong>mgueye@lequotidien.sn<\/strong><\/p>\n\n\n\n<p><\/p>\n","protected":false},"excerpt":{"rendered":"<p>La Conf\u00e9rence des leaders de Yewwi va indiquer \u00e0 l\u2019opinion quelle position elle va prendre face \u00e0 la convocation par<\/p>\n","protected":false},"author":1,"featured_media":2550,"comment_status":"open","ping_status":"open","sticky":false,"template":"","format":"standard","meta":{"footnotes":""},"categories":[26],"tags":[],"class_list":["post-2549","post","type-post","status-publish","format-standard","has-post-thumbnail","hentry","category-fait-divers"],"_links":{"self":[{"href":"https:\/\/dekkbi.com\/index.php?rest_route=\/wp\/v2\/posts\/2549","targetHints":{"allow":["GET"]}}],"collection":[{"href":"https:\/\/dekkbi.com\/index.php?rest_route=\/wp\/v2\/posts"}],"about":[{"href":"https:\/\/dekkbi.com\/index.php?rest_route=\/wp\/v2\/types\/post"}],"author":[{"embeddable":true,"href":"https:\/\/dekkbi.com\/index.php?rest_route=\/wp\/v2\/users\/1"}],"replies":[{"embeddable":true,"href":"https:\/\/dekkbi.com\/index.php?rest_route=%2Fwp%2Fv2%2Fcomments&post=2549"}],"version-history":[{"count":1,"href":"https:\/\/dekkbi.com\/index.php?rest_route=\/wp\/v2\/posts\/2549\/revisions"}],"predecessor-version":[{"id":2551,"href":"https:\/\/dekkbi.com\/index.php?rest_route=\/wp\/v2\/posts\/2549\/revisions\/2551"}],"wp:featuredmedia":[{"embeddable":true,"href":"https:\/\/dekkbi.com\/index.php?rest_route=\/wp\/v2\/media\/2550"}],"wp:attachment":[{"href":"https:\/\/dekkbi.com\/index.php?rest_route=%2Fwp%2Fv2%2Fmedia&parent=2549"}],"wp:term":[{"taxonomy":"category","embeddable":true,"href":"https:\/\/dekkbi.com\/index.php?rest_route=%2Fwp%2Fv2%2Fcategories&post=2549"},{"taxonomy":"post_tag","embeddable":true,"href":"https:\/\/dekkbi.com\/index.php?rest_route=%2Fwp%2Fv2%2Ftags&post=2549"}],"curies":[{"name":"wp","href":"https:\/\/api.w.org\/{rel}","templated":true}]}}