{"id":25480,"date":"2023-11-19T13:18:20","date_gmt":"2023-11-19T13:18:20","guid":{"rendered":"https:\/\/dekkbi.com\/?p=25480"},"modified":"2023-11-19T13:18:21","modified_gmt":"2023-11-19T13:18:21","slug":"sanchez-fils-de-p-des-dizaines-de-milliers-despagnols-protestent-contre-lamnistie-des-independantistes-catalans","status":"publish","type":"post","link":"https:\/\/dekkbi.com\/?p=25480","title":{"rendered":"\u201cSanchez, fils de p***\u201d: des dizaines de milliers d\u2019Espagnols protestent contre l\u2019amnistie des ind\u00e9pendantistes catalans"},"content":{"rendered":"\n<p>\u00ab\u00a0<strong>Pour l\u2019\u00c9tat de droit, SOS l\u2019UE\u201d: des dizaines de milliers de personnes se sont rassembl\u00e9es samedi \u00e0 Madrid pour d\u00e9noncer la future loi d\u2019amnistie des dirigeants et militants s\u00e9paratistes catalans, qui a permis au gouvernement de gauche d\u2019\u00eatre reconduit.<\/strong><\/p>\n\n\n\n<p>Environ 170.000 personnes, selon la pr\u00e9fecture, se sont r\u00e9unies sur la place Cibeles, autour de la c\u00e9l\u00e8bre fontaine du m\u00eame nom, en plein coeur de la capitale espagnole, l\u00e0 o\u00f9 se retrouvent les supporters du Real Madrid en cas de victoire, pour r\u00e9pondre \u00e0 l\u2019appel \u00e0 manifester lanc\u00e9 par la droite. Aux cris de \u201cS\u00e1nchez, tra\u00eetre\u201d, \u201cS\u00e1nchez, fils de p****\u201d, \u201cS\u00e1nchez en prison!\u201d ou \u201cLa Catalogne, c\u2019est l\u2019Espagne\u201d, les participants, de tous \u00e2ges, avaient nou\u00e9 sur leurs \u00e9paules ou agitaient des drapeaux espagnols, et d\u2019autres brandissaient des drapeaux europ\u00e9ens distribu\u00e9s par le Parti populaire europ\u00e9en (PPE, droite).<\/p>\n\n\n\n<p>\u201c<strong>Ce que veut Pedro S\u00e1nchez, c\u2019est d\u00e9couper l\u2019Espagne en morceaux<\/strong>\u201d<\/p>\n\n\n\n<p>\u201cCe que veut Pedro S\u00e1nchez, c\u2019est d\u00e9couper l\u2019Espagne en morceaux\u201d, s\u2019insurge Maria Angeles Galan, une retrait\u00e9e madril\u00e8ne de 65 ans, qui a particip\u00e9 \u00e0 d\u2019autres manifestations anti-amnistie ces derniers jours<\/p>\n\n\n\n<p> Pour elle, le Premier ministre a ouvert la voie \u00e0 un d\u00e9mant\u00e8lement du pays: \u201cqu\u2019il y ait le pays basque d\u2019un c\u00f4t\u00e9, la Catalogne de l\u2019autre, et dire qu\u2019il ne s\u2019est rien pass\u00e9, et que peu importent les juges\u201d. \u201cCe n\u2019est pas un pr\u00e9sident, c\u2019est un d\u00e9linquant\u201d, crie-t-elle encore, reprenant l\u2019un des slogans scand\u00e9s pendant le rassemblement (suite ci-dessous).<\/p>\n\n\n\n<p><strong>Pedro Sanchez<\/strong> <\/p>\n\n\n\n<p>Arriv\u00e9 deuxi\u00e8me aux l\u00e9gislatives de juillet derri\u00e8re le chef de file de la droite Alberto N\u00fa\u00f1ez Feij\u00f3o (PP), le Premier ministre socialiste Pedro S\u00e1nchez, au pouvoir depuis 2018, est parvenu \u00e0 \u00eatre reconduit jeudi apr\u00e8s avoir n\u00e9goci\u00e9 tous azimuts pour obtenir le soutien de formations r\u00e9gionalistes, dont les partis ind\u00e9pendantistes catalans. <\/p>\n\n\n\n<p>En \u00e9change de leurs voix, indispensables \u00e0 la formation d\u2019une majorit\u00e9, il a accept\u00e9 plusieurs concessions, dont l\u2019adoption prochaine d\u2019une tr\u00e8s pol\u00e9mique loi d\u2019amnistie pour les dirigeants et militants s\u00e9paratistes poursuivis notamment pour leur implication dans la tentative de s\u00e9cession de la Catalogne en 2017.<\/p>\n\n\n\n<p>L\u2019extr\u00eame droite pr\u00e9sente\u201cIls savent qu\u2019ils n\u2019ont pas les votes pour faire ce qu\u2019ils sont en train de faire. Voil\u00e0 pourquoi nous leur disons avec cette manifestation\u201d, a d\u00e9clar\u00e9 Alberto N\u00fa\u00f1ez Feij\u00f3o, accusant Pedro Sanchez d\u2019\u00e9lever les Espagnols \u201cles uns contre les autres\u201d. <\/p>\n\n\n\n<p>\u00c9galement pr\u00e9sent \u00e0 la manifestation, le leader du parti d\u2019extr\u00eame droite Vox Santiago Abascal a quant \u00e0 lui estim\u00e9 que cette loi \u00e9tait \u201caussi grave qu\u2019un coup d\u2019\u00c9tat\u201d. Les deux dirigeants ne sont pas apparus l\u2019un au c\u00f4t\u00e9 de l\u2019autre, bien que M. Feij\u00f3o ait tent\u00e9 en septembre d\u2019\u00eatre investi comme Premier ministre avec le soutien de M. Abascal, sans parvenir \u00e0 obtenir une majorit\u00e9 a<\/p>\n\n\n\n<p>\u201c<strong>Message envoy\u00e9 \u00e0 l\u2019UE\u201d<\/strong><\/p>\n\n\n\n<p>Mariana (qui ne souhaite pas donner son nom de famille), entrepreneuse de 51 ans, est venue sp\u00e9cialement de Saragosse (nord-est) pour protester \u201ccontre l\u2019amnistie\u201d: \u201cJe crois que le combat commence maintenant. Il faut que \u00e7a se sache, c\u2019est un message envoy\u00e9 \u00e0 l\u2019Europe\u201d, dit-elle en d\u00e9signant le drapeau europ\u00e9en que tient son compagnon \u00e0 ses c\u00f4t\u00e9s. Il y a dix jours, Bruxelles a de fait r\u00e9clam\u00e9 des explications \u00e0 Madrid sur ce projet de loi d\u2019amnistie, indiquant avoir \u201c\u00e9t\u00e9 contact\u00e9e \u00e0 ce propos par un grand nombre de citoyens\u201d<\/p>\n\n\n\n<p>\u201cRIP la d\u00e9mocratie espagnole 1978-2023&Prime;, pouvait-on lire sur un grand drapeau espagnol tandis que d\u2019autres pancartes appelaient l\u2019Europe \u00e0 l\u2019aide: \u201cEurope, aide-nous\u201d, \u201cPour l\u2019Etat de droit, SOS l\u2019UE\u201d, \u201cD\u00e9mocratie \u00e0 vendre\u201d.<\/p>\n\n\n\n<p><strong>\u201cO\u00f9 sont les socialistes?<\/strong>\u201d<\/p>\n\n\n\n<p>\u201cO\u00f9 sont ces socialistes?\u201d a cri\u00e9 en choeur la foule rassembl\u00e9e lorsqu\u2019un intervenant au micro a \u00e9voqu\u00e9 le rejet par une partie de la gauche de la mesure. Luis Garrido, un retrait\u00e9 de 65 ans, se dit \u201csocialiste mais pas partisan de S\u00e1nchez\u201d. <\/p>\n\n\n\n<p>Pour lui, le Premier ministre n\u2019aurait jamais d\u00fb accepter d\u2019\u00eatre reconduit \u201c\u00e0 ce prix-l\u00e0\u201d et que \u201cl\u2019Espagne soit divis\u00e9e de cette fa\u00e7on\u201d. Sa femme Rosario Rodriguez, 62 ans, regrette qu\u2019on \u201cnous appelle tous des fascistes: mon mari est de gauche\u201d, mais elle promet de \u201ccontinuer \u00e0 descendre dans la rue, c\u2019est la seule mani\u00e8re que nous avons de nous d\u00e9fendre\u201d. <\/p>\n\n\n\n<p>Depuis deux semaines, des manifestations ont eu lieu tous les soirs devant le si\u00e8ge du Parti socialiste \u00e0 Madrid, et certaines d\u2019entre elles ont d\u00e9g\u00e9n\u00e9r\u00e9, donnant lieu \u00e0 plusieurs dizaines d\u2019interpellations<\/p>\n\n\n\n<p>.ANP \/ EPA\u00a9 ANP \/ EPA REUTERS\u00a9 <\/p>\n\n\n\n<p><\/p>\n","protected":false},"excerpt":{"rendered":"<p>\u00ab\u00a0Pour l\u2019\u00c9tat de droit, SOS l\u2019UE\u201d: des dizaines de milliers de personnes se sont rassembl\u00e9es samedi \u00e0 Madrid pour d\u00e9noncer<\/p>\n","protected":false},"author":1,"featured_media":25481,"comment_status":"open","ping_status":"open","sticky":false,"template":"","format":"standard","meta":{"footnotes":""},"categories":[51],"tags":[],"class_list":["post-25480","post","type-post","status-publish","format-standard","has-post-thumbnail","hentry","category-general"],"_links":{"self":[{"href":"https:\/\/dekkbi.com\/index.php?rest_route=\/wp\/v2\/posts\/25480","targetHints":{"allow":["GET"]}}],"collection":[{"href":"https:\/\/dekkbi.com\/index.php?rest_route=\/wp\/v2\/posts"}],"about":[{"href":"https:\/\/dekkbi.com\/index.php?rest_route=\/wp\/v2\/types\/post"}],"author":[{"embeddable":true,"href":"https:\/\/dekkbi.com\/index.php?rest_route=\/wp\/v2\/users\/1"}],"replies":[{"embeddable":true,"href":"https:\/\/dekkbi.com\/index.php?rest_route=%2Fwp%2Fv2%2Fcomments&post=25480"}],"version-history":[{"count":1,"href":"https:\/\/dekkbi.com\/index.php?rest_route=\/wp\/v2\/posts\/25480\/revisions"}],"predecessor-version":[{"id":25482,"href":"https:\/\/dekkbi.com\/index.php?rest_route=\/wp\/v2\/posts\/25480\/revisions\/25482"}],"wp:featuredmedia":[{"embeddable":true,"href":"https:\/\/dekkbi.com\/index.php?rest_route=\/wp\/v2\/media\/25481"}],"wp:attachment":[{"href":"https:\/\/dekkbi.com\/index.php?rest_route=%2Fwp%2Fv2%2Fmedia&parent=25480"}],"wp:term":[{"taxonomy":"category","embeddable":true,"href":"https:\/\/dekkbi.com\/index.php?rest_route=%2Fwp%2Fv2%2Fcategories&post=25480"},{"taxonomy":"post_tag","embeddable":true,"href":"https:\/\/dekkbi.com\/index.php?rest_route=%2Fwp%2Fv2%2Ftags&post=25480"}],"curies":[{"name":"wp","href":"https:\/\/api.w.org\/{rel}","templated":true}]}}