{"id":25450,"date":"2023-11-19T11:58:28","date_gmt":"2023-11-19T11:58:28","guid":{"rendered":"https:\/\/dekkbi.com\/?p=25450"},"modified":"2023-11-19T11:58:29","modified_gmt":"2023-11-19T11:58:29","slug":"bonne-gouvernance-la-bad-engagee-dans-differents-mecanismes-daide-responsable","status":"publish","type":"post","link":"https:\/\/dekkbi.com\/?p=25450","title":{"rendered":"Bonne gouvernance : la BAD engag\u00e9e dans diff\u00e9rents m\u00e9canismes d\u2019aide (responsable)"},"content":{"rendered":"\n<p>Envoy\u00e9e sp\u00e9ciale de l\u2019APS : Adama Diouf Ly<\/p>\n\n\n\n<p>Addis-Abeba, 18 nov (APS)- Le Groupe de la Baque Africaine de d\u00e9veloppement (BAD) est engag\u00e9 \u00e0 travers diff\u00e9rents m\u00e9canismes d\u2019accompagnement d\u2019aide \u00e0 la bonne gouvernance pour une meilleure efficacit\u00e9 des politiques publiques de d\u00e9veloppement, a assur\u00e9 Abdoulaye Coulibaly son responsable du d\u00e9partement de la gouvernance et des r\u00e9formes \u00e9conomiques.<\/p>\n\n\n\n<p>\u2018\u2019Il s\u2019agit d\u2019accompagner nos pays membres pour am\u00e9liorer l\u2019efficacit\u00e9 des politiques publiques \u00e0 travers des m\u00e9canismes de gestion transparente puisque la gouvernance est li\u00e9e \u00e0 l\u2019efficacit\u00e9 des politiques publiques\u2019\u2019, a expliqu\u00e9 le directeur du d\u00e9partement de la gouvernance et des r\u00e9formes \u00e9conomiques du Groupe de la BAD.<\/p>\n\n\n\n<p>Interrog\u00e9e par l\u2019envoy\u00e9e sp\u00e9ciale de l\u2019APS, en marge du lancement du Rapport de la BAD sur la mod\u00e9lisation \u00e9conomique, samedi \u00e0 Addis-Abeba (Ethiopie) , Abdoulaye Coulibaly a soulign\u00e9 que \u2018\u2019beaucoup d\u2019\u00e9tudes montrent une forte corr\u00e9lation entre la gouvernance et le niveau de d\u00e9veloppement\u2019\u2019.<\/p>\n\n\n\n<p>\u2018\u2019Les pays qui arrivent \u00e0 am\u00e9liorer leur niveau de gouvernance ont un impact plus important en mati\u00e8re de lutte contre la pauvret\u00e9\u2019\u2019, a fait observer Abdoulaye Coulibaly.<\/p>\n\n\n\n<p>La BAD consid\u00e8re la question de la gouvernance comme \u2018\u2019tr\u00e8s importante et est au c\u0153ur de ses activit\u00e9s\u2019\u2019. C\u2019est pourquoi l\u2019institution bancaire africaine est engag\u00e9e \u00e0 appuyer les pays africains sur diff\u00e9rents aspects comme le niveau de mobilisation des ressources, la performance des habilitations \u00e9conomiques pour \u00eatre en mesure de mobiliser plusieurs ressources.<\/p>\n\n\n\n<p>\u2018\u2019Il est important pour les pays d\u2019am\u00e9liorer l\u2019efficacit\u00e9 des politiques publiques\u2019\u2019 a -t \u2013il soulign\u00e9 donnant l\u2019exemple de la question des march\u00e9s publics, \u2018\u2019un \u00e9l\u00e9ment important en termes de qualit\u00e9 de la d\u00e9pense publique\u2019\u2019.<\/p>\n\n\n\n<p>La BAD accompagne ainsi les pays pour \u2018\u2019am\u00e9liorer le cadre juridique et institutionnel avec des moyens techniques en termes de mise en \u0153uvre\u2019\u2019.\u2018\u2019Il y a une question transversale qui est importante. Il s\u2019agit de la question de la lutte contre la corruption avec des progr\u00e8s certes sur le continent, mais il y a des pays qui continuent d\u2019avoir un niveau de corruption assez \u00e9lev\u00e9\u2019\u2019, a relev\u00e9 M. Coulibaly.<\/p>\n\n\n\n<p>\u2018\u2019Nous accompagnons par des renforcements de capacit\u00e9s, pour am\u00e9liorer le cadre juridique, mettre en place les institutions qu\u2019il faut, s\u2019assurer de l\u2019implication des diff\u00e9rentes parties prenantes dont le secteur priv\u00e9, la soci\u00e9t\u00e9 civile pour am\u00e9liorer le niveau de transparence\u2019\u2019, a  t \u2013il pr\u00e9cis\u00e9.<\/p>\n\n\n\n<p>Abdoulaye Coulibaly a \u00e9voqu\u00e9 \u00e9galement \u2018\u2019le niveau de contr\u00f4le des finances publiques, une fonction qui connait des difficult\u00e9s dans plusieurs pays\u2019\u2019.\u2018\u2019Il faut accompagner les Etats pour am\u00e9liorer le niveau de contr\u00f4le des finances publiques avec les institutions de contr\u00f4le comme la Cour des comptes, mais aussi le parlement qui a un r\u00f4le important en mati\u00e8re de contr\u00f4le de la politique publique\u2019\u2019, a -t \u2013il pr\u00e9conis\u00e9.<\/p>\n\n\n\n<p>Le Centre de Conf\u00e9rences des Nations Unies \u00e0 Addis-Abeba abrite depuis jeudi la 18\u00e8me Conf\u00e9rence \u00e9conomique africaine \u00e0 l\u2019initiative de la BAD, du PNUD et de la Commission \u00e9conomique pour l\u2019Afrique des Nations Unies.<\/p>\n\n\n\n<p>Cette ann\u00e9e la conf\u00e9rence porte sur l\u2019industrialisation durable en Afrique pour se mettre d\u2019accord sur les d\u00e9fis, les priorit\u00e9s et les recommandations en vue de contribuer \u00e0 \u00e9lever le niveau du d\u00e9bat pour am\u00e9liorer le niveau de d\u00e9veloppement.<\/p>\n\n\n\n<p>La plateforme annuelle a mis ensemble chercheurs, d\u00e9cideurs, partenaires au d\u00e9veloppement et acteurs de la soci\u00e9t\u00e9 civile pour discuter des d\u00e9fis \u00e9conomiques \u00e0 relever pour le d\u00e9veloppement d\u2019une industrialisation inclusive et durable.ADL\/MTN <\/p>\n","protected":false},"excerpt":{"rendered":"<p>Envoy\u00e9e sp\u00e9ciale de l\u2019APS : Adama Diouf Ly Addis-Abeba, 18 nov (APS)- Le Groupe de la Baque Africaine de d\u00e9veloppement<\/p>\n","protected":false},"author":1,"featured_media":25451,"comment_status":"open","ping_status":"open","sticky":false,"template":"","format":"standard","meta":{"footnotes":""},"categories":[3],"tags":[],"class_list":["post-25450","post","type-post","status-publish","format-standard","has-post-thumbnail","hentry","category-event-more-news"],"_links":{"self":[{"href":"https:\/\/dekkbi.com\/index.php?rest_route=\/wp\/v2\/posts\/25450","targetHints":{"allow":["GET"]}}],"collection":[{"href":"https:\/\/dekkbi.com\/index.php?rest_route=\/wp\/v2\/posts"}],"about":[{"href":"https:\/\/dekkbi.com\/index.php?rest_route=\/wp\/v2\/types\/post"}],"author":[{"embeddable":true,"href":"https:\/\/dekkbi.com\/index.php?rest_route=\/wp\/v2\/users\/1"}],"replies":[{"embeddable":true,"href":"https:\/\/dekkbi.com\/index.php?rest_route=%2Fwp%2Fv2%2Fcomments&post=25450"}],"version-history":[{"count":1,"href":"https:\/\/dekkbi.com\/index.php?rest_route=\/wp\/v2\/posts\/25450\/revisions"}],"predecessor-version":[{"id":25452,"href":"https:\/\/dekkbi.com\/index.php?rest_route=\/wp\/v2\/posts\/25450\/revisions\/25452"}],"wp:featuredmedia":[{"embeddable":true,"href":"https:\/\/dekkbi.com\/index.php?rest_route=\/wp\/v2\/media\/25451"}],"wp:attachment":[{"href":"https:\/\/dekkbi.com\/index.php?rest_route=%2Fwp%2Fv2%2Fmedia&parent=25450"}],"wp:term":[{"taxonomy":"category","embeddable":true,"href":"https:\/\/dekkbi.com\/index.php?rest_route=%2Fwp%2Fv2%2Fcategories&post=25450"},{"taxonomy":"post_tag","embeddable":true,"href":"https:\/\/dekkbi.com\/index.php?rest_route=%2Fwp%2Fv2%2Ftags&post=25450"}],"curies":[{"name":"wp","href":"https:\/\/api.w.org\/{rel}","templated":true}]}}