{"id":25433,"date":"2023-11-18T16:10:04","date_gmt":"2023-11-18T16:10:04","guid":{"rendered":"https:\/\/dekkbi.com\/?p=25433"},"modified":"2023-11-18T16:10:04","modified_gmt":"2023-11-18T16:10:04","slug":"mbappe-explique-son-long-silence-mediatique-en-bleu-mais-elude-les-questions-sur-son-avenir-au-psg","status":"publish","type":"post","link":"https:\/\/dekkbi.com\/?p=25433","title":{"rendered":"Mbapp\u00e9 explique son long silence m\u00e9diatique en bleu, mais \u00e9lude les questions sur son avenir au PSG"},"content":{"rendered":"\n<p>Le capitaine de l\u2019\u00e9quipe de France Kylian Mbapp\u00e9 a bris\u00e9 le silence en s\u00e9lection en se pr\u00e9sentant vendredi pour la premi\u00e8re fois en conf\u00e9rence de presse depuis le 15 juin, mais n\u2019a pas souhait\u00e9 r\u00e9pondre aux questions concernant sa situation et son avenir au PSG.<\/p>\n\n\n\n<p>\u201cJ\u2019avais annonc\u00e9 d\u00e8s ma premi\u00e8re prise de parole en tant que capitaine que je n\u2019allais pas venir \u00e0 toutes les conf\u00e9rences de presse, du fait du r\u00f4le d\u2019Antoine Griezmann, de son exp\u00e9rience. Je ne suis pas son sup\u00e9rieur hi\u00e9rarchique. J\u2019ai fait les trois premi\u00e8res \u2018confs\u2019, Antoine a fait les trois suivantes et j\u2019ai dit qu\u2019on allait laisser la porte ouverte \u00e0 d\u2019autres leaders, Mike Maignan, le gardien titulaire, ou Aur\u00e9lien Tchouameni\u201d, a d\u00e9clar\u00e9 d\u2019embl\u00e9e Mbapp\u00e9 pour expliquer son long mutisme m\u00e9diatique en \u00e9quipe de France, qui est intervenu juste apr\u00e8s les tensions avec la direction du PSG.<\/p>\n\n\n\n<p>\u201cIl y a plusieurs leaders, c\u2019est une volont\u00e9 de partager le leadership, aujourd\u2019hui c\u2019est \u00e0 moi de revenir\u201d, a-t-il ajout\u00e9, \u00e0 la veille de l\u2019avant-dernier match des qualifications \u00e0 l\u2019Euro-2024 contre Gibraltar.<\/p>\n\n\n\n<p>Le champion du monde 2018 avait \u00e9t\u00e9 exclu du groupe professionnel du PSG pendant plusieurs semaines durant la tr\u00eave estivale apr\u00e8s avoir annonc\u00e9 son intention de ne pas activer une clause lui permettant de prolonger son contrat d\u2019une ann\u00e9e, jusqu\u2019en 2025.Il a ensuite \u00e9t\u00e9 r\u00e9int\u00e9gr\u00e9 au sein de l\u2019\u00e9quipe premi\u00e8re apr\u00e8s la premi\u00e8re journ\u00e9e de Ligue 1.<\/p>\n\n\n\n<p>\u201c<strong>Le pays avant tout<\/strong>\u201d<\/p>\n\n\n\n<p>Interrog\u00e9 justement sur sa situation contractuelle au PSG, alors qu\u2019il sera libre en juin 2024, la star des Bleus (24 ans) n\u2019a en revanche pas voulu s\u2019\u00e9tendre sur la question.\u201cCe n\u2019est absolument pas l\u2019actualit\u00e9 de l\u2019\u00e9quipe de France, je suis venu ici en tant que capitaine de l\u2019\u00e9quipe de France et j\u2019aimerais le rester pour les jours qui viennent. Si cette question vous tient \u00e0 coeur, il faut venir au Campus PSG, vous me la posez et j\u2019y r\u00e9pondrai si je suis amen\u00e9 \u00e0 venir en conf\u00e9rence de presse. Normal, non? Le pays avant tout\u201d, a-t-il r\u00e9pondu.<\/p>\n","protected":false},"excerpt":{"rendered":"<p>Le capitaine de l\u2019\u00e9quipe de France Kylian Mbapp\u00e9 a bris\u00e9 le silence en s\u00e9lection en se pr\u00e9sentant vendredi pour la<\/p>\n","protected":false},"author":1,"featured_media":4153,"comment_status":"open","ping_status":"open","sticky":false,"template":"","format":"standard","meta":{"footnotes":""},"categories":[9],"tags":[],"class_list":["post-25433","post","type-post","status-publish","format-standard","has-post-thumbnail","hentry","category-sports"],"_links":{"self":[{"href":"https:\/\/dekkbi.com\/index.php?rest_route=\/wp\/v2\/posts\/25433","targetHints":{"allow":["GET"]}}],"collection":[{"href":"https:\/\/dekkbi.com\/index.php?rest_route=\/wp\/v2\/posts"}],"about":[{"href":"https:\/\/dekkbi.com\/index.php?rest_route=\/wp\/v2\/types\/post"}],"author":[{"embeddable":true,"href":"https:\/\/dekkbi.com\/index.php?rest_route=\/wp\/v2\/users\/1"}],"replies":[{"embeddable":true,"href":"https:\/\/dekkbi.com\/index.php?rest_route=%2Fwp%2Fv2%2Fcomments&post=25433"}],"version-history":[{"count":1,"href":"https:\/\/dekkbi.com\/index.php?rest_route=\/wp\/v2\/posts\/25433\/revisions"}],"predecessor-version":[{"id":25434,"href":"https:\/\/dekkbi.com\/index.php?rest_route=\/wp\/v2\/posts\/25433\/revisions\/25434"}],"wp:featuredmedia":[{"embeddable":true,"href":"https:\/\/dekkbi.com\/index.php?rest_route=\/wp\/v2\/media\/4153"}],"wp:attachment":[{"href":"https:\/\/dekkbi.com\/index.php?rest_route=%2Fwp%2Fv2%2Fmedia&parent=25433"}],"wp:term":[{"taxonomy":"category","embeddable":true,"href":"https:\/\/dekkbi.com\/index.php?rest_route=%2Fwp%2Fv2%2Fcategories&post=25433"},{"taxonomy":"post_tag","embeddable":true,"href":"https:\/\/dekkbi.com\/index.php?rest_route=%2Fwp%2Fv2%2Ftags&post=25433"}],"curies":[{"name":"wp","href":"https:\/\/api.w.org\/{rel}","templated":true}]}}