{"id":25430,"date":"2023-11-18T16:04:13","date_gmt":"2023-11-18T16:04:13","guid":{"rendered":"https:\/\/dekkbi.com\/?p=25430"},"modified":"2023-11-18T16:04:14","modified_gmt":"2023-11-18T16:04:14","slug":"tout-ca-pour-quatre-heures-de-ceremonie-a-paris-des-bouquinistes-consternes-assistent-a-lenlevement-de-leurs-boites","status":"publish","type":"post","link":"https:\/\/dekkbi.com\/?p=25430","title":{"rendered":"\u201cTout \u00e7a pour quatre heures de c\u00e9r\u00e9monie\u201d: \u00e0 Paris, des bouquinistes constern\u00e9s assistent \u00e0 l\u2019enl\u00e8vement de leurs \u201cbo\u00eetes\u201d"},"content":{"rendered":"\n<p>Suspendue \u00e0 trois m\u00e8tres du sol, l\u2019antique bo\u00eete \u00e0 livres d\u2019un bouquiniste parisien oscille doucement, arrach\u00e9e du parapet du quai de Seine par un gros camion grue.<\/p>\n\n\n\n<p>Vendredi soir, la mairie de Paris a d\u00e9ploy\u00e9 les grands moyens pour d\u00e9monter quatre de ces bo\u00eetes embl\u00e9matiques de la capitale \u2014 un test de faisabilit\u00e9 avant les Jeux olympiques. Pour des raisons de s\u00e9curit\u00e9, la pr\u00e9fecture de police de Paris r\u00e9clame en effet le d\u00e9montage de pr\u00e8s de 600 des 900 bo\u00eetes couleur vert wagon avant la c\u00e9r\u00e9monie d\u2019ouverture du 26 juillet 2024, qui se d\u00e9roulera sur le fleuve.<\/p>\n\n\n\n<p>Devant un petit groupe de bouquinistes constern\u00e9s, une vingtaine d\u2019agents de la ville, aid\u00e9s d\u2019une entreprise de d\u00e9m\u00e9nagement, ont pass\u00e9 plusieurs heures \u00e0 proc\u00e9der \u00e0 cet enl\u00e8vement, apr\u00e8s avoir soigneusement vid\u00e9 les centaines de livres qui y \u00e9taient entass\u00e9s. Une grue a ensuite soulev\u00e9 un par un ces gros rectangles de bois, souvent fragilis\u00e9s par les ans et les intemp\u00e9ries.<\/p>\n\n\n\n<p>Les bo\u00eetes qui ont \u00e9t\u00e9 enlev\u00e9es \u00e9taient fix\u00e9es au quai depuis cinquante ans, mais les plus vieilles ont 150 ans.<\/p>\n\n\n\n<p>\u201cC\u2019est comme un arrachage de dent! Tout \u00e7a pour quatre heures de c\u00e9r\u00e9monie! Ce que les guerres n\u2019ont pas r\u00e9ussi \u00e0 faire, les JO vont y parvenir: nous faire dispara\u00eetre\u201d, se d\u00e9sole aupr\u00e8s de l\u2019AFP Michel Bouetard, secr\u00e9taire g\u00e9n\u00e9ral de l\u2019Association des bouquinistes<\/p>\n\n\n\n<p>.\u201cTout cela est d\u00e9mesur\u00e9. Si on les retire, on ne sait jamais quand elles reviendront\u201d, avertit J\u00e9r\u00f4me Callais, pr\u00e9sident de l\u2019association. \u201cMais s\u2019ils persistent \u00e0 vouloir les enlever, on ira au contentieux.\u201d Beaucoup de bouquinistes \u2014 ils sont environ 230 \u2014 n\u2019ont aucun autre revenu. \u201cQue vont-ils faire en cas de plusieurs semaines d\u2019inactivit\u00e9?\u201d, s\u2019inqui\u00e8te-t-il.<\/p>\n\n\n\n<p>\u201c<strong>Moment historique\u201d<\/strong><\/p>\n\n\n\n<p>Quelques \u00e9lus parisiens \u00e9taient venus les soutenir. \u201cNous sommes contre, tout cela est d\u00e9cid\u00e9 pour pouvoir faire de la publicit\u00e9 sur les quais\u201d, s\u2019\u00e9nerve Corine Faugeron, pr\u00e9sidente du groupe Les Ecologistes au Conseil de Paris.<\/p>\n\n\n\n<p>D\u2019autres en appellent \u00e0 Emmanuel Macron. \u201cJe l\u2019ai rencontr\u00e9 quand il est pass\u00e9 quai des Grands Augustins mi-octobre. Il nous a dit: \u2018Je suis au courant, je vous d\u00e9fends, vous faites partie de Paris\u2019. Mais il est sup\u00e9rieur au pr\u00e9fet, il peut lui dire de nous faire rester\u201d, s\u2019\u00e9crie Francis Robert, bouquiniste depuis 43 ans.<\/p>\n\n\n\n<p>\u201cPourquoi les enlever, puisque des barri\u00e8res de s\u00e9curit\u00e9 seront pos\u00e9es \u00e0 1,50 m\u00e8tre du quai?\u201d rench\u00e9rit une de ses coll\u00e8gues. Pendant ce temps, les agents de la mairie ont r\u00e9ussi \u00e0 hisser les bo\u00eetes dans le camion, sans d\u00e9g\u00e2t apparent.<\/p>\n\n\n\n<p>\u201cC\u2019est un moment historique\u201d, balbutie une bouquiniste, les larmes aux yeux. Un autre reste silencieux, le regard dur, riv\u00e9 sur le parapet d\u00e9nud\u00e9.Vers minuit et demi, les bo\u00eetes \u00e9taient remises sur le parapet et les livres replac\u00e9s \u00e0 l\u2019int\u00e9rieur, comme le pr\u00e9voyait l\u2019op\u00e9ration.<\/p>\n\n\n\n<p>Samedi matin, la mairie de Paris a planifi\u00e9 une conf\u00e9rence de bilan du test de d\u00e9montage, qui aura pris trois heures. L\u2019op\u00e9ration \u00e0 grande \u00e9chelle n\u00e9cessitera l\u2019appel \u00e0 un prestataire.<\/p>\n","protected":false},"excerpt":{"rendered":"<p>Suspendue \u00e0 trois m\u00e8tres du sol, l\u2019antique bo\u00eete \u00e0 livres d\u2019un bouquiniste parisien oscille doucement, arrach\u00e9e du parapet du quai<\/p>\n","protected":false},"author":1,"featured_media":25431,"comment_status":"open","ping_status":"open","sticky":false,"template":"","format":"standard","meta":{"footnotes":""},"categories":[9],"tags":[],"class_list":["post-25430","post","type-post","status-publish","format-standard","has-post-thumbnail","hentry","category-sports"],"_links":{"self":[{"href":"https:\/\/dekkbi.com\/index.php?rest_route=\/wp\/v2\/posts\/25430","targetHints":{"allow":["GET"]}}],"collection":[{"href":"https:\/\/dekkbi.com\/index.php?rest_route=\/wp\/v2\/posts"}],"about":[{"href":"https:\/\/dekkbi.com\/index.php?rest_route=\/wp\/v2\/types\/post"}],"author":[{"embeddable":true,"href":"https:\/\/dekkbi.com\/index.php?rest_route=\/wp\/v2\/users\/1"}],"replies":[{"embeddable":true,"href":"https:\/\/dekkbi.com\/index.php?rest_route=%2Fwp%2Fv2%2Fcomments&post=25430"}],"version-history":[{"count":1,"href":"https:\/\/dekkbi.com\/index.php?rest_route=\/wp\/v2\/posts\/25430\/revisions"}],"predecessor-version":[{"id":25432,"href":"https:\/\/dekkbi.com\/index.php?rest_route=\/wp\/v2\/posts\/25430\/revisions\/25432"}],"wp:featuredmedia":[{"embeddable":true,"href":"https:\/\/dekkbi.com\/index.php?rest_route=\/wp\/v2\/media\/25431"}],"wp:attachment":[{"href":"https:\/\/dekkbi.com\/index.php?rest_route=%2Fwp%2Fv2%2Fmedia&parent=25430"}],"wp:term":[{"taxonomy":"category","embeddable":true,"href":"https:\/\/dekkbi.com\/index.php?rest_route=%2Fwp%2Fv2%2Fcategories&post=25430"},{"taxonomy":"post_tag","embeddable":true,"href":"https:\/\/dekkbi.com\/index.php?rest_route=%2Fwp%2Fv2%2Ftags&post=25430"}],"curies":[{"name":"wp","href":"https:\/\/api.w.org\/{rel}","templated":true}]}}