{"id":2543,"date":"2022-11-02T09:53:39","date_gmt":"2022-11-02T09:53:39","guid":{"rendered":"https:\/\/dekkbi.com\/?p=2543"},"modified":"2022-11-02T09:53:40","modified_gmt":"2022-11-02T09:53:40","slug":"bresil-bolsonaro-sort-du-silence-et-autorise-la-transition-avec-lula","status":"publish","type":"post","link":"https:\/\/dekkbi.com\/?p=2543","title":{"rendered":"Br\u00e9sil: Bolsonaro sort du silence et autorise la transition avec Lula"},"content":{"rendered":"\n<p>La transition avec Lula est en marche mercredi au Br\u00e9sil apr\u00e8s que le pr\u00e9sident sortant Jair Bolsonaro, sortant d&rsquo;un long silence de deux jours, s&rsquo;est engag\u00e9 \u00e0 respecter la Constitution, sans toutefois reconna\u00eetre explicitement sa d\u00e9faite face \u00e0 son adversaire de gauche.<\/p>\n\n\n\n<p>\u00ab\u00a0Tant que je serai pr\u00e9sident de la R\u00e9publique, je continuerai \u00e0 respecter la Constitution\u00a0\u00bb, a d\u00e9clar\u00e9 mardi le chef de l&rsquo;Etat sur un ton martial. Il s&rsquo;est exprim\u00e9 lors d&rsquo;une allocution de deux minutes au palais de l&rsquo;Alvorada, \u00e0 Brasilia, se refusant \u00e0 f\u00e9liciter le vainqueur de l&rsquo;\u00e9lection pr\u00e9sidentielle.<\/p>\n\n\n\n<p>Avant sa d\u00e9claration, les micros ont toutefois capt\u00e9 quelques mots de sa part suivis d&rsquo;un sourire: \u00ab\u00a0On va leur manquer\u00a0\u00bb.<\/p>\n\n\n\n<p>\u00ab\u00a0Le pr\u00e9sident m&rsquo;a autoris\u00e9, selon la loi, \u00e0 d\u00e9buter le processus de transition\u00a0\u00bb avec l&rsquo;\u00e9quipe du pr\u00e9sident \u00e9lu Luiz Inacio Lula da Silva, a dit dans la foul\u00e9e son chef de cabinet Ciro Nogueira.<\/p>\n\n\n\n<p>Jair Bolsonaro, 67 ans, a par ailleurs critiqu\u00e9 \u00e0 demi-mot les barrages routiers \u00e9rig\u00e9s par ses partisans protestant contre la victoire depuis dimanche.<\/p>\n\n\n\n<p>\u00ab\u00a0Les manifestations pacifiques seront toujours bienvenues, mais nous ne pouvons pas utiliser les m\u00e9thodes de la gauche, (&#8230;) qui emp\u00eachent la libert\u00e9 de circulation\u00a0\u00bb, a-t-il lanc\u00e9.<\/p>\n\n\n\n<p>Il a toutefois affirm\u00e9 que ces manifestations \u00e9taient \u00ab\u00a0le fruit de l&rsquo;indignation et d&rsquo;un sentiment d&rsquo;injustice concernant la fa\u00e7on dont le processus \u00e9lectoral s&rsquo;est d\u00e9roul\u00e9\u00a0\u00bb.<\/p>\n\n\n\n<p>La Cour supr\u00eame, garante de la Constitution, a rapidement pris acte de ce discours dans un bref communiqu\u00e9: \u00ab\u00a0En ordonnant le d\u00e9but de la transition, (le pr\u00e9sident) a reconnu le r\u00e9sultat final de l&rsquo;\u00e9lection\u00a0\u00bb.<\/p>\n\n\n\n<p>La Haute Cour, avec qui le chef de l&rsquo;Etat entretient des relations orageuses depuis le d\u00e9but de son mandat, a \u00e9galement \u00ab\u00a0soulign\u00e9 l&rsquo;importance d&rsquo;assurer la libert\u00e9 de circulation par rapport aux barrages routiers\u00a0\u00bb.<\/p>\n\n\n\n<p>Jair Bolsonaro a ensuite tenu une r\u00e9union avec plusieurs magistrats de la Cour supr\u00eame, dont Alexandre de Moraes, qui dirige plusieurs enqu\u00eates impliquant le leader d&rsquo;extr\u00eame droite et ses alli\u00e9s.<\/p>\n\n\n\n<p>M. Bolsonaro \u00ab\u00a0a dit +c&rsquo;est fini+\u00a0\u00bb, en faisant r\u00e9f\u00e9rence \u00e0 l&rsquo;\u00e9lection, a d\u00e9clar\u00e9 le magistrat Luiz Edson Fachin, \u00e0 l&rsquo;issue de cette r\u00e9union qui ne figurait pas \u00e0 l&rsquo;ordre du jour officiel.<\/p>\n\n\n\n<p>&#8211; Lula \u00e0 la COP27 &#8211;<\/p>\n\n\n\n<p>Premier pr\u00e9sident br\u00e9silien ayant \u00e9chou\u00e9 dans une tentative de r\u00e9\u00e9lection, Jair Bolsonaro a \u00e9t\u00e9 battu sur le fil dimanche par de l&rsquo;ic\u00f4ne de la gauche (50,9% contre 49,1%).<\/p>\n\n\n\n<p>De nombreux chefs d&rsquo;Etat \u00e9trangers ont f\u00e9licit\u00e9 Lula pour son troisi\u00e8me mandat \u00e0 la t\u00eate du pays, apr\u00e8s ceux de 2003 \u00e0 2010. Il prendra ses fonctions le 1er janvier.<\/p>\n\n\n\n<p>Le vice-pr\u00e9sident \u00e9lu Geraldo Alckmin a \u00e9t\u00e9 d\u00e9sign\u00e9 mardi coordinateur de l&rsquo;\u00e9quipe de transition charg\u00e9e de pr\u00e9parer le terrain avant la passation de pouvoirs.<\/p>\n\n\n\n<p>Cette \u00e9quipe, qui pourra compter jusqu&rsquo;\u00e0 50 personnes, aura acc\u00e8s aux comptes publics et pourra pr\u00e9parer les premiers d\u00e9crets qui seront promulgu\u00e9s par le nouveau pr\u00e9sident apr\u00e8s son investiture.<\/p>\n\n\n\n<p>L&rsquo;\u00e9quipe de Lula veut que le processus de transition commence \u00ab\u00a0\u00e0 partir de jeudi\u00a0\u00bb, a d\u00e9clar\u00e9 mardi Gleisi Hoffmann, pr\u00e9sidente du Parti des Travailleurs (PT), cofond\u00e9 par Lula.<\/p>\n\n\n\n<p>Des voyages \u00e0 l&rsquo;\u00e9tranger sont \u00e9galement pr\u00e9vus avant sa prise de fonctions. Invit\u00e9 par l&rsquo;Egypte, le pr\u00e9sident assistera \u00e0 la COP27, qui d\u00e9butera dimanche \u00e0 Charm el-Cheikh, a annonc\u00e9 Mme Hoffmann.<\/p>\n\n\n\n<p>Durant le long silence de deux jours du chef de l&rsquo;Etat, le mouvement de protestation sur les axes routiers a fait tache d&rsquo;huile, et des appels \u00e0 les soutenir s&rsquo;\u00e9taient multipli\u00e9s sur les comptes pro-Bolsonaro sur Twitter et Telegram, a constat\u00e9 l&rsquo;\u00e9quipe d&rsquo;investigation num\u00e9rique de l&rsquo;AFP.<\/p>\n\n\n\n<p>Dans plusieurs r\u00e9gions du pays, la police a fait usage de gaz lacrymog\u00e8ne pour disperser les manifestants.<\/p>\n\n\n\n<p>Elle a mis fin \u00e0 490 blocages au cours des derni\u00e8res heures, mais 191 blocages partiels ou totaux persistaient, selon un bilan communiqu\u00e9 mardi soir vers minuit.<\/p>\n\n\n\n<p>&#8211; Appels \u00e0 manifester &#8211;<\/p>\n\n\n\n<p>Il n&rsquo;\u00e9tait pas possible mardi soir d&rsquo;estimer l&rsquo;impact des d\u00e9clarations de Jair Bolsonaro sur la poursuite du mouvement de barrages routiers. Toutefois de nombreux messages circulaient en soir\u00e9e sur les r\u00e9seaux sociaux appelant \u00e0 des manifestations mercredi, jour f\u00e9ri\u00e9 au Br\u00e9sil.<\/p>\n\n\n\n<p>La capitale Brasilia \u00e9tait calme apr\u00e8s les restrictions \u00ab\u00a0pr\u00e9ventives\u00a0\u00bb d&rsquo;acc\u00e8s \u00e0 la place des Trois Pouvoirs, o\u00f9 se trouvent le Palais pr\u00e9sidentiel, le Parlement et la Cour supr\u00eame.<\/p>\n\n\n\n<p>A Sao Paulo, c&rsquo;est un appel qui circulait \u00e0 \u00ab\u00a0la plus grande mobilisation de l&rsquo;Histoire\u00a0\u00bb mercredi sur l&rsquo;avenue Paulista, envahie dimanche soir par des centaines de milliers de sympathisants en liesse de Lula.<\/p>\n\n\n\n<p>Le transport routier est essentiel au Br\u00e9sil, pays aux dimensions continentales comptant peu de voix ferr\u00e9es. En 2018, une gr\u00e8ve de dix jours des camionneurs avait entra\u00een\u00e9 de graves probl\u00e8mes d&rsquo;approvisionnement.<\/p>\n\n\n\n<p>Plusieurs dirigeants de ce mouvement se sont d\u00e9solidaris\u00e9s des camionneurs bolsonaristes.<\/p>\n\n\n\n<p>mel-lab-lg-pt\/mm\/ybl\/pz<\/p>\n\n\n\n<p>Par Marcelo SILVA DE SOUSA<\/p>\n","protected":false},"excerpt":{"rendered":"<p>La transition avec Lula est en marche mercredi au Br\u00e9sil apr\u00e8s que le pr\u00e9sident sortant Jair Bolsonaro, sortant d&rsquo;un long<\/p>\n","protected":false},"author":1,"featured_media":2544,"comment_status":"open","ping_status":"open","sticky":false,"template":"","format":"standard","meta":{"footnotes":""},"categories":[51],"tags":[],"class_list":["post-2543","post","type-post","status-publish","format-standard","has-post-thumbnail","hentry","category-general"],"_links":{"self":[{"href":"https:\/\/dekkbi.com\/index.php?rest_route=\/wp\/v2\/posts\/2543","targetHints":{"allow":["GET"]}}],"collection":[{"href":"https:\/\/dekkbi.com\/index.php?rest_route=\/wp\/v2\/posts"}],"about":[{"href":"https:\/\/dekkbi.com\/index.php?rest_route=\/wp\/v2\/types\/post"}],"author":[{"embeddable":true,"href":"https:\/\/dekkbi.com\/index.php?rest_route=\/wp\/v2\/users\/1"}],"replies":[{"embeddable":true,"href":"https:\/\/dekkbi.com\/index.php?rest_route=%2Fwp%2Fv2%2Fcomments&post=2543"}],"version-history":[{"count":1,"href":"https:\/\/dekkbi.com\/index.php?rest_route=\/wp\/v2\/posts\/2543\/revisions"}],"predecessor-version":[{"id":2545,"href":"https:\/\/dekkbi.com\/index.php?rest_route=\/wp\/v2\/posts\/2543\/revisions\/2545"}],"wp:featuredmedia":[{"embeddable":true,"href":"https:\/\/dekkbi.com\/index.php?rest_route=\/wp\/v2\/media\/2544"}],"wp:attachment":[{"href":"https:\/\/dekkbi.com\/index.php?rest_route=%2Fwp%2Fv2%2Fmedia&parent=2543"}],"wp:term":[{"taxonomy":"category","embeddable":true,"href":"https:\/\/dekkbi.com\/index.php?rest_route=%2Fwp%2Fv2%2Fcategories&post=2543"},{"taxonomy":"post_tag","embeddable":true,"href":"https:\/\/dekkbi.com\/index.php?rest_route=%2Fwp%2Fv2%2Ftags&post=2543"}],"curies":[{"name":"wp","href":"https:\/\/api.w.org\/{rel}","templated":true}]}}