{"id":25405,"date":"2023-11-18T13:04:35","date_gmt":"2023-11-18T13:04:35","guid":{"rendered":"https:\/\/dekkbi.com\/?p=25405"},"modified":"2023-11-18T13:04:35","modified_gmt":"2023-11-18T13:04:35","slug":"aliou-cisse-selectionneur-des-lions-prendre-les-6-points-et-preparer-la-can","status":"publish","type":"post","link":"https:\/\/dekkbi.com\/?p=25405","title":{"rendered":"Aliou Ciss\u00e9, s\u00e9lectionneur des \u00abLions\u00bb : \u00abPrendre les 6 points et pr\u00e9parer la CAN\u00bb"},"content":{"rendered":"\n<p>D\u00e9fendre son statut de favori et de champion d\u2019Afrique en titre ! C\u2019est le challenge que Aliou Ciss\u00e9 compte relever. Le s\u00e9lectionneur national des Lions entend mat\u00e9rialiser ce v\u0153u face au Soudan Sud ce samedi au stade du Pr\u00e9sident Abdoulaye Wade \u00e0 partir de 19 heures avant de confirmer l\u2019avantage \u00e0 Lom\u00e9 le 21 novembre prochain pour le compte de la premi\u00e8re et deuxi\u00e8me journ\u00e9es des qualifications de la coupe du monde United2026, devant aussi servir de pr\u00e9paration pour la coupe d\u2019Afrique des nations pr\u00e9vue du 13 janvier 2024 au 11 f\u00e9vrier 2024 en C\u00f4te d\u2019Ivoire. <\/p>\n\n\n\n<p>Les<strong> absences de certains joueurs ?<\/strong> <\/p>\n\n\n\n<p>\u00abComme vous le savez Nampalys est bless\u00e9 et indisponible entre une semaine et 10 jours. Donc, il n\u2019a pas pu honorer sa s\u00e9lection. Concernant Boulaye (Dia), Path\u00e9 (Ciss) et Pape Matar (Sarr), \u00e7a a \u00e9t\u00e9 de la volont\u00e9 du staff m\u00e9dical de les g\u00e9rer. Path\u00e9 (Ciss) a eu des maux de ventre, mais \u00e7a va. Il se sera \u00e0 l\u2019entra\u00eenement (hier, Ndlr). Pape Matar ressentait quelques douleurs ainsi que Boulaye au niveau la cheville. Mais, ce sont de petites blessures et on n\u2019a voulu prendre trop de risques. Hier (jeudi \u00e7a a \u00e9t\u00e9 une journ\u00e9e de r\u00e9cup\u00e9ration puisque les deux jours pr\u00e9c\u00e9dents on a beaucoup travaill\u00e9. Ils seront tous pr\u00e9sents \u00e0 l\u2019entra\u00eenement aujourd\u2019hui (hier, vendredi)\u00bb.<\/p>\n\n\n\n<p>La<strong> valeur de ces deux matchs pour la pr\u00e9paration de la Can ?<\/strong><\/p>\n\n\n\n<p>\u00abC\u2019est beaucoup de valeur ajout\u00e9e, ces deux matchs contre le Sud Soudan et le Togo. D\u00e9j\u00e0, ce sont deux matchs officiels et deux comp\u00e9titions diff\u00e9rentes On est conscients qu\u2019on aborde ces \u00e9liminatoires de la coupe du monde avec l\u2019ambition de se qualifier. C\u2019est un objectif. On l\u2019a toujours fait que ce soit avec les \u00e9liminatoires de la Can ou de la Coupe du Monde, il est important de commencer par une victoire, obtenir le meilleur r\u00e9sultat. On est dans cette optique que ce soit avec le Soudan du Sud ou autre. On s\u2019est bien pr\u00e9par\u00e9s, on esp\u00e8re emmagasiner les trois points qui   nous donneront un capital-confiance pour qu\u2019on puisse aller au Togo et obtenir le meilleur r\u00e9sultat possible. La Can, c\u2019est une chose mais la coupe du monde aussi est tr\u00e8s importante\u00bb.<\/p>\n\n\n\n<p><strong>La gestion des blessures<\/strong> ?<\/p>\n\n\n\n<p>\u00abD\u2019abord, prier pour la sant\u00e9, pour que tout le monde se porte bien, tout le monde soit l\u00e0. Car, sans la sant\u00e9 on ne peut rien faire et la derni\u00e8re coupe du monde est l\u00e0 pour nous le rappeler.  Il faut prier pour la sant\u00e9 de nos joueurs, qu\u2019on puisse avoir notre groupe au complet et en pleine forme. Et je crois que c\u2019est une tr\u00e8s bonne question. Je pense que cette question avec la gestion de nos bless\u00e9s, on peut remonter \u00e0 la Can 2019. On n\u2019a jamais jou\u00e9 avec notre meilleure \u00e9quipe. On a perdu Gana Gu\u00e8ye, on a perdu Edouard Mendy, on a tr\u00e8s t\u00f4t perdu Alfred Ndiaye mais on a su se relever et faire de tr\u00e8s belles choses. C\u2019est vrai qu\u2019on est attendu, si on arrive \u00e0 avoir notre groupe et que personne ne se blesse, nos ambitions seront beaucoup plus fortes. On sait que quand on est complet, on a une \u00e9quipe comp\u00e9titive, une \u00e9quipe qui a de l\u2019exp\u00e9rience\u00bb. Le S\u00e9n\u00e9gal favori contre le Sud Soudan et le Togo ?\u00abIl ne faut pas qu\u2019on se mente. Aujourd\u2019hui, les gens qui r\u00e9fl\u00e9chissent dans le football font des pronostics. Ils disent que le Sud Soudan est moins fort que le S\u00e9n\u00e9gal. On est tenant du titre et notre \u00e9quipe aussi regorge de talents que normalement on doit gagner ce match-l\u00e0. Oui !  Mais comme je le dis, on est toujours humbles et on est en train de bien le pr\u00e9parer. On ne sous-estime personne et il faudra jouer \u00e0 notre meilleur niveau. On a un deuxi\u00e8me match qui nous attend et on sait que le d\u00e9placement au Togo ne sera pas facile. En r\u00e9alit\u00e9, notre objectif c\u2019est emmagasiner les 6 points et mieux pr\u00e9parer cette Can qui est en train d\u2019arriver, sur le plan psychologique, et avoir le plus de capital confiance\u00bb.<\/p>\n\n\n\n<p><strong>Lamine Camara, son int\u00e9gration ?<\/strong><\/p>\n\n\n\n<p>\u00abIl se sent bien, il a fait une bonne int\u00e9gration, c\u2019est un jeune joueur comme beaucoup d\u2019autres qui sont en train d\u2019arriver petit \u00e0 petit. Il a \u00e0 ses c\u00f4t\u00e9s des joueurs exp\u00e9riment\u00e9s qui sont en train de l\u2019accompagner, la seule chose qu\u2019on peut faire c\u2019est de l\u2019aider \u00e0 continuer dans cette \u00e9quipe, avoir de l\u2019exigence du haut niveau, mais on n\u2019a pas de doute que c\u2019est un gar\u00e7on qui a \u00e9norm\u00e9ment de qualit\u00e9 et ce groupe vit tellement bien que n\u2019importe quel gar\u00e7on peut venir s\u2019int\u00e9grer parce que les anciens sont l\u00e0 pour bien l\u2019accueillir et le mettre dans les meilleures conditions \u00e0 ces jeunes qui viennent d\u2019arriver. Qu\u2019il pense football et nous apporte cette insouciance qu\u2019un jeune peut avoir, cette fra\u00eecheur qu\u2019un jeune peut avoir. Et avec l\u2019exp\u00e9rience et le v\u00e9cu des anciens \u00e7a risque de faire du bien\u00bb.Recueillis par A.T <\/p>\n","protected":false},"excerpt":{"rendered":"<p>D\u00e9fendre son statut de favori et de champion d\u2019Afrique en titre ! C\u2019est le challenge que Aliou Ciss\u00e9 compte relever.<\/p>\n","protected":false},"author":1,"featured_media":3481,"comment_status":"open","ping_status":"open","sticky":false,"template":"","format":"standard","meta":{"footnotes":""},"categories":[9],"tags":[],"class_list":["post-25405","post","type-post","status-publish","format-standard","has-post-thumbnail","hentry","category-sports"],"_links":{"self":[{"href":"https:\/\/dekkbi.com\/index.php?rest_route=\/wp\/v2\/posts\/25405","targetHints":{"allow":["GET"]}}],"collection":[{"href":"https:\/\/dekkbi.com\/index.php?rest_route=\/wp\/v2\/posts"}],"about":[{"href":"https:\/\/dekkbi.com\/index.php?rest_route=\/wp\/v2\/types\/post"}],"author":[{"embeddable":true,"href":"https:\/\/dekkbi.com\/index.php?rest_route=\/wp\/v2\/users\/1"}],"replies":[{"embeddable":true,"href":"https:\/\/dekkbi.com\/index.php?rest_route=%2Fwp%2Fv2%2Fcomments&post=25405"}],"version-history":[{"count":1,"href":"https:\/\/dekkbi.com\/index.php?rest_route=\/wp\/v2\/posts\/25405\/revisions"}],"predecessor-version":[{"id":25406,"href":"https:\/\/dekkbi.com\/index.php?rest_route=\/wp\/v2\/posts\/25405\/revisions\/25406"}],"wp:featuredmedia":[{"embeddable":true,"href":"https:\/\/dekkbi.com\/index.php?rest_route=\/wp\/v2\/media\/3481"}],"wp:attachment":[{"href":"https:\/\/dekkbi.com\/index.php?rest_route=%2Fwp%2Fv2%2Fmedia&parent=25405"}],"wp:term":[{"taxonomy":"category","embeddable":true,"href":"https:\/\/dekkbi.com\/index.php?rest_route=%2Fwp%2Fv2%2Fcategories&post=25405"},{"taxonomy":"post_tag","embeddable":true,"href":"https:\/\/dekkbi.com\/index.php?rest_route=%2Fwp%2Fv2%2Ftags&post=25405"}],"curies":[{"name":"wp","href":"https:\/\/api.w.org\/{rel}","templated":true}]}}