{"id":25320,"date":"2023-11-17T09:36:34","date_gmt":"2023-11-17T09:36:34","guid":{"rendered":"https:\/\/dekkbi.com\/?p=25320"},"modified":"2023-11-17T09:36:35","modified_gmt":"2023-11-17T09:36:35","slug":"lavocat-dousmane-sonko-me-juan-branco-echappe-de-justesse-a-une-arrestation","status":"publish","type":"post","link":"https:\/\/dekkbi.com\/?p=25320","title":{"rendered":"L&rsquo;avocat d&rsquo;Ousmane Sonko, Me Juan Branco, \u00e9chappe de justesse \u00e0 une arrestation&#8230;"},"content":{"rendered":"\n<h3 class=\"wp-block-heading\">Sous le coup d&rsquo;une arrestation soigneusement planifi\u00e9e, l&rsquo;avocat franco-espagnol Me Juan Branco a \u00e9vit\u00e9 de se rendre au S\u00e9n\u00e9gal, o\u00f9 il devait plaider en faveur de son client Ousmane Sonko devant la Cour supr\u00eame. Les circonstances de cette tentative d&rsquo;arrestation et les rebondissements de derni\u00e8re minute, ont \u00e9t\u00e9 r\u00e9v\u00e9l\u00e9s par l&rsquo;avocat lui-m\u00eame, sur sa page Facebook.<\/h3>\n\n\n\n<p>Selon Me Juan Branco, l&rsquo;avion pr\u00e9vu pour le transporter \u00e0 Dakar devait d\u00e9coller \u00e0 18h20. Cependant, \u00e0 19h, un article du journal \u00ab\u00a0Le Monde\u00a0\u00bb annon\u00e7ait d\u00e9j\u00e0 leur d\u00e9part. \u00c0 19h27, l&rsquo;Ambassade du S\u00e9n\u00e9gal en France aurait envoy\u00e9 un courriel annulant toutes les garanties pr\u00e9alablement accord\u00e9es \u00e0 l&rsquo;avocat et \u00e0 son \u00e9quipe. \u00c0 ce moment pr\u00e9cis, ils se trouvaient dans le tunnel d&#8217;embarquement, pr\u00eats \u00e0 partir. <\/p>\n\n\n\n<p>Dans son r\u00e9cit, Me Juan Branco a soulign\u00e9 que ce revirement soudain de la part des autorit\u00e9s s\u00e9n\u00e9galaises, les pla\u00e7ait dans une situation p\u00e9rilleuse. \u00ab Les derniers. Ils voulaient nous arr\u00eater. Un retard d\u2019une heure vingt nous a sauv\u00e9s \u00bb, a-t-il expliqu\u00e9, mettant en lumi\u00e8re la s\u00e9quence d&rsquo;\u00e9v\u00e9nements qui a permis d&rsquo;\u00e9viter l&rsquo;arrestation.<\/p>\n\n\n\n<p>Cette situation suscite des interrogations sur les motivations derri\u00e8re cette tentative d&rsquo;arrestation et les pressions qui pourraient peser sur les d\u00e9fenseurs d&rsquo;Ousmane Sonko. Ousmane Sonko, homme politique s\u00e9n\u00e9galais et maire, fait face \u00e0 des accusations qui ont suscit\u00e9 une attention nationale et internationale.<\/p>\n\n\n\n<p>La d\u00e9cision de Me Juan Branco de ne pas se rendre au S\u00e9n\u00e9gal, soul\u00e8ve \u00e9galement des questions sur l&rsquo;ind\u00e9pendance du syst\u00e8me judiciaire et la protection des avocats dans le pays. Les d\u00e9veloppements futurs de cette affaire seront scrut\u00e9s de pr\u00e8s, alors que les tensions politiques et juridiques persistent autour du cas d&rsquo;Ousmane Sonko. ( Les News )<\/p>\n\n\n\n<p><\/p>\n\n\n\n<p><\/p>\n\n\n\n<p><\/p>\n","protected":false},"excerpt":{"rendered":"<p>Sous le coup d&rsquo;une arrestation soigneusement planifi\u00e9e, l&rsquo;avocat franco-espagnol Me Juan Branco a \u00e9vit\u00e9 de se rendre au S\u00e9n\u00e9gal, o\u00f9<\/p>\n","protected":false},"author":1,"featured_media":18384,"comment_status":"open","ping_status":"open","sticky":false,"template":"","format":"standard","meta":{"footnotes":""},"categories":[21],"tags":[],"class_list":["post-25320","post","type-post","status-publish","format-standard","has-post-thumbnail","hentry","category-societe"],"_links":{"self":[{"href":"https:\/\/dekkbi.com\/index.php?rest_route=\/wp\/v2\/posts\/25320","targetHints":{"allow":["GET"]}}],"collection":[{"href":"https:\/\/dekkbi.com\/index.php?rest_route=\/wp\/v2\/posts"}],"about":[{"href":"https:\/\/dekkbi.com\/index.php?rest_route=\/wp\/v2\/types\/post"}],"author":[{"embeddable":true,"href":"https:\/\/dekkbi.com\/index.php?rest_route=\/wp\/v2\/users\/1"}],"replies":[{"embeddable":true,"href":"https:\/\/dekkbi.com\/index.php?rest_route=%2Fwp%2Fv2%2Fcomments&post=25320"}],"version-history":[{"count":1,"href":"https:\/\/dekkbi.com\/index.php?rest_route=\/wp\/v2\/posts\/25320\/revisions"}],"predecessor-version":[{"id":25321,"href":"https:\/\/dekkbi.com\/index.php?rest_route=\/wp\/v2\/posts\/25320\/revisions\/25321"}],"wp:featuredmedia":[{"embeddable":true,"href":"https:\/\/dekkbi.com\/index.php?rest_route=\/wp\/v2\/media\/18384"}],"wp:attachment":[{"href":"https:\/\/dekkbi.com\/index.php?rest_route=%2Fwp%2Fv2%2Fmedia&parent=25320"}],"wp:term":[{"taxonomy":"category","embeddable":true,"href":"https:\/\/dekkbi.com\/index.php?rest_route=%2Fwp%2Fv2%2Fcategories&post=25320"},{"taxonomy":"post_tag","embeddable":true,"href":"https:\/\/dekkbi.com\/index.php?rest_route=%2Fwp%2Fv2%2Ftags&post=25320"}],"curies":[{"name":"wp","href":"https:\/\/api.w.org\/{rel}","templated":true}]}}