{"id":25293,"date":"2023-11-17T08:36:06","date_gmt":"2023-11-17T08:36:06","guid":{"rendered":"https:\/\/dekkbi.com\/?p=25293"},"modified":"2023-11-17T08:36:07","modified_gmt":"2023-11-17T08:36:07","slug":"sans-horizon-au-senegal-les-candidats-a-lemigration-clandestine-prennent-tous-les-risques","status":"publish","type":"post","link":"https:\/\/dekkbi.com\/?p=25293","title":{"rendered":"Sans horizon au S\u00e9n\u00e9gal, les candidats \u00e0 l&rsquo;\u00e9migration clandestine prennent tous les risques"},"content":{"rendered":"\n<p>Depuis septembre 2023, au p\u00e9ril de leur vie, des dizaines de milliers de personnes se sont engag\u00e9es sur des embarcations de fortune pour rallier l&rsquo;Europe, via notamment la route des Canaries. <\/p>\n\n\n\n<p>Les S\u00e9n\u00e9galais sont avec les Marocains les plus nombreux parmi les nouveaux arrivants, selon Frontex et plusieurs ONG espagnoles. Une situation de d\u00e9sesp\u00e9rance, qui interpelle, au S\u00e9n\u00e9gal, notamment quant au profil de ces candidats \u00e0 l&rsquo;exil.<\/p>\n\n\n\n<p>\u00ab\u00a0Des mesures s\u00e9curitaires, \u00e9conomiques, financi\u00e8res et sociales d\u2019urgence afin de neutraliser les d\u00e9parts d\u2019\u00e9migrants \u00e0 partir du territoire national\u00a0\u00bb, voil\u00e0 le libell\u00e9 au S\u00e9n\u00e9gal, d&rsquo;un communiqu\u00e9 publi\u00e9 apr\u00e8s le Conseil des ministres, le 8 novembre 2023. <\/p>\n\n\n\n<p>L&rsquo;effort devra associer les ministres de l&rsquo;Int\u00e9rieur, des Arm\u00e9es, de la Jeunesse ou encore de la P\u00eache, selon ce m\u00eame communiqu\u00e9 officiel. <\/p>\n\n\n\n<p>\u00c0 l&rsquo;approche de la Pr\u00e9sidentielle, (NDLR : le 25 f\u00e9vrier 2024) le pr\u00e9sident s\u00e9n\u00e9galais, Macky Sall, qui ne se repr\u00e9sentera pas, annonce donc qu&rsquo;il veut endiguer le flux en pleine expansion des d\u00e9parts de migrants, qui prennent les pirogues pour gagner l&rsquo;Europe. <\/p>\n\n\n\n<p>Un d\u00e9fi de taille. Le S\u00e9n\u00e9gal c&rsquo;est environ 700 km de c\u00f4tes \u00e0 surveiller.<\/p>\n\n\n\n<p><strong>De plus en plus de gens qui partent \u00e0 l&rsquo;aventure alors qu&rsquo;ils ont une entreprise qui marche. Des gens qui ont un salaire&#8230; <\/strong><\/p>\n\n\n\n<p>Face \u00e0 ce flot de d\u00e9parts de pirogues \u00e0 destination des Canaries, il y a bien eu des sauvetages dans l&rsquo;Atlantique, au large du S\u00e9n\u00e9gal ou dans les eaux territoriales espagnoles. Mais elles n&rsquo;ont pas emp\u00each\u00e9 une s\u00e9rie de drames recens\u00e9s ces derni\u00e8res semaines. <\/p>\n\n\n\n<p>D&rsquo;apr\u00e8s les derniers chiffres du minist\u00e8re espagnol de l&rsquo;Int\u00e9rieur, l&rsquo;archipel espagnol a vu arriver 30.705 migrants entre le 1er janvier et le 31 octobre, soit plus du double du chiffre enregistr\u00e9 sur la m\u00eame p\u00e9riode de 2022. <\/p>\n\n\n\n<p>Au tout d\u00e9but de ce mois de novembre 2023, quatre migrants sont par exemple, d\u00e9c\u00e9d\u00e9s parmi un groupe de plus de 700 personnes secourues au large de l&rsquo;\u00eele espagnole d&rsquo;El Hierro, dans les Canaries. Elles avaient pris place \u00e0 bord de quatre embarcations. <\/p>\n\n\n\n<p><strong>Une jeunesse sans cap, sans horizon ?<\/strong><\/p>\n\n\n\n<p>Les autorit\u00e9s s\u00e9n\u00e9galaises le reconnaissent. Ces milliers de migrants quittant le S\u00e9n\u00e9gal n&rsquo;ont pas tous le profil de d\u00e9favoris\u00e9s. \u00ab\u00a0Ce qu&rsquo;il y a de nouveau c&rsquo;est le profil des migrants. Nous voyons de plus en plus de gens qui partent \u00e0 l&rsquo;aventure alors qu&rsquo;ils ont une entreprise qui marche. Des gens qui ont un salaire,\u00a0\u00bb rappelait, ce samedi 11 novembre 2023, sur TV5MONDE Abdou Karim Fofana, le ministre s\u00e9n\u00e9galais du Commerce et porte-parole du gouvernement.<\/p>\n\n\n\n<p>Alioune Tine, fondateur du think tank d&rsquo;Afrikajom Center, un laboratoire d&rsquo;id\u00e9es qui travaille \u00e0 une soci\u00e9t\u00e9 civile plus \u00e9quitable, dit sensiblement la m\u00eame chose. \u00ab\u00a0La plupart des gens qui prennent la mer ce sont des p\u00eacheurs ou des familles de p\u00eacheurs\u00a0\u00bb, nous dit-il. Et d&rsquo;ajouter : \u00a0\u00bb Mais vous avez de tout.<\/p>\n\n\n\n<p> Des \u00e9tudiants, des commer\u00e7ants, des gens qui vendent leur boutique, leur commerce. \u00c7a a d\u00e9pass\u00e9 le stade de la migration. C&rsquo;est un v\u00e9ritable exode vers l&rsquo;Europe et vers les \u00c9tats-Unis.\u00a0\u00bb Selon la destination, le prix de l&rsquo;exode serait au minimum de 400.000 FCFA (soit 610 euros environ) pour aller en pirogue en Europe et de plusieurs millions de FCFA, pour un voyage en avion pour le Nicaragua, premi\u00e8re \u00e9tape vers les \u00c9tats-Unis.<\/p>\n\n\n\n<p><strong>La p\u00eache ne rapporte plus aux locaux.<\/strong><\/p>\n\n\n\n<p>Le gouvernement lui, explique le probl\u00e8me de cet exode en pointant du doigt, les journalistes, les r\u00e9seaux sociaux ou les plateformes de streaming qui vanteraient  l&rsquo;id\u00e9e \u00ab\u00a0qu&rsquo;il faut \u00eatre en Europe, il faut \u00eatre aux \u00c9tats-Unis, pour montrer une certaine r\u00e9ussite. <\/p>\n\n\n\n<p>Les m\u00e9dias internationaux nous montrent peut-\u00eatre un eldorado r\u00eav\u00e9,\u00a0\u00bb dixit Abdou Karim Fofana, le porte-parole du gouvernement s\u00e9n\u00e9galais. Il mart\u00e8le aussi, que \u00ab\u00a0le d\u00e9terminant du voyage n&rsquo;est pas seulement \u00e9conomique.\u00a0\u00bbLes p\u00eacheurs sont venus me dire qu&rsquo;aujourd&rsquo;hui la ressource est rare et que des navires \u00e9trangers<\/p>\n","protected":false},"excerpt":{"rendered":"<p>Depuis septembre 2023, au p\u00e9ril de leur vie, des dizaines de milliers de personnes se sont engag\u00e9es sur des embarcations<\/p>\n","protected":false},"author":1,"featured_media":25294,"comment_status":"open","ping_status":"open","sticky":false,"template":"","format":"standard","meta":{"footnotes":""},"categories":[21],"tags":[],"class_list":["post-25293","post","type-post","status-publish","format-standard","has-post-thumbnail","hentry","category-societe"],"_links":{"self":[{"href":"https:\/\/dekkbi.com\/index.php?rest_route=\/wp\/v2\/posts\/25293","targetHints":{"allow":["GET"]}}],"collection":[{"href":"https:\/\/dekkbi.com\/index.php?rest_route=\/wp\/v2\/posts"}],"about":[{"href":"https:\/\/dekkbi.com\/index.php?rest_route=\/wp\/v2\/types\/post"}],"author":[{"embeddable":true,"href":"https:\/\/dekkbi.com\/index.php?rest_route=\/wp\/v2\/users\/1"}],"replies":[{"embeddable":true,"href":"https:\/\/dekkbi.com\/index.php?rest_route=%2Fwp%2Fv2%2Fcomments&post=25293"}],"version-history":[{"count":1,"href":"https:\/\/dekkbi.com\/index.php?rest_route=\/wp\/v2\/posts\/25293\/revisions"}],"predecessor-version":[{"id":25295,"href":"https:\/\/dekkbi.com\/index.php?rest_route=\/wp\/v2\/posts\/25293\/revisions\/25295"}],"wp:featuredmedia":[{"embeddable":true,"href":"https:\/\/dekkbi.com\/index.php?rest_route=\/wp\/v2\/media\/25294"}],"wp:attachment":[{"href":"https:\/\/dekkbi.com\/index.php?rest_route=%2Fwp%2Fv2%2Fmedia&parent=25293"}],"wp:term":[{"taxonomy":"category","embeddable":true,"href":"https:\/\/dekkbi.com\/index.php?rest_route=%2Fwp%2Fv2%2Fcategories&post=25293"},{"taxonomy":"post_tag","embeddable":true,"href":"https:\/\/dekkbi.com\/index.php?rest_route=%2Fwp%2Fv2%2Ftags&post=25293"}],"curies":[{"name":"wp","href":"https:\/\/api.w.org\/{rel}","templated":true}]}}