{"id":25256,"date":"2023-11-16T11:46:09","date_gmt":"2023-11-16T11:46:09","guid":{"rendered":"https:\/\/dekkbi.com\/?p=25256"},"modified":"2023-11-16T11:46:09","modified_gmt":"2023-11-16T11:46:09","slug":"etats-unis-biden-perd-il-les-votes-des-americains-pro-palestine-pour-2024","status":"publish","type":"post","link":"https:\/\/dekkbi.com\/?p=25256","title":{"rendered":"\u00c9tats-Unis: Biden perd-il les votes des Am\u00e9ricains pro-Palestine pour 2024?"},"content":{"rendered":"\n<p>\u00c0 moins d\u2019un an de la pr\u00e9sidentielle, les communaut\u00e9s musulmane et arabe des \u00c9tats-Unis semblent se d\u00e9tourner de Joe Biden pour qui elles avaient largement vot\u00e9 en 2020.<\/p>\n\n\n\n<p>Une grande majorit\u00e9 de ces \u00e9lecteurs critiquent la position de l&rsquo;administration du pr\u00e9sident d\u00e9mocrate vis-\u00e0-vis d&rsquo;Isra\u00ebl et de la guerre \u00e0 Gaza. <\/p>\n\n\n\n<p>Malgr\u00e9 les appels r\u00e9p\u00e9t\u00e9s lors des manifestations de soutien \u00e0 la Palestine, Joe Biden n&rsquo;a pas appel\u00e9 \u00e0 un cessez-le-feu et continue d&rsquo;apporter un soutien sans faille \u00e0 l&rsquo;\u00c9tat h\u00e9breu.<\/p>\n\n\n\n<p>Pour Maya, la d\u00e9cision est prise. En 2024, elle ne votera pas Joe Biden. Pourtant, en 2020, cette Am\u00e9ricaine d\u2019origine palestinienne et toute sa famille avait travaill\u00e9 comme volontaire pour la campagne du candidat d\u00e9mocrate contre Donald Trump.Mais, pour elle, l\u2019actuelle guerre \u00e0 Gaza a tout chang\u00e9 : \u00ab Sa politique, son soutien sans faille \u00e0 Isra\u00ebl est, pour moi, anti-am\u00e9ricain et \u00e0 l\u2019oppos\u00e9 de nos valeurs am\u00e9ricaines. <\/p>\n\n\n\n<p>Nos imp\u00f4ts ne devraient pas financer un r\u00e9gime qui impose un apartheid. \u00bb Maya n\u2019est pas la seule \u00e0 penser ainsi.Demande de cessez-le-feu<\/p>\n\n\n\n<p>Selon un r\u00e9cent sondage, moins de 17% d\u2019\u00e9lecteurs arabes ou musulmans soutiennent encore Joe Biden. En 2020, ce chiffre \u00e9tait de 65%. \u00ab Pas de cessez-le-feu, pas de vote \u00bb, une mise en garde reprise partout lors des manifestations de soutien \u00e0 la Palestine, comme ici \u00e0 Manhattan. Keffieh autour du cou, Joey se dit en col\u00e8re contre la gestion de la situation par Joe Biden.<\/p>\n\n\n\n<p>Le jeune homme d\u2019origine libanaise ne m\u00e2che pas ses mots : \u00ab La fa\u00e7on dont on est trait\u00e9s, voil\u00e0 ce qu\u2019ils pensent de nous. Ils ne veulent pas de nous, ils ne nous \u00e9coutent pas et ne nous voient pas comme des \u00e9gaux. <\/p>\n\n\n\n<p>J\u2019arr\u00eate de voter pour ceux qui ne d\u00e9fendent pas l\u2019\u00e9galit\u00e9 pour tous. Et il a perdu toute ma famille. \u00bb Sa famille vit en Pennsylvanie, un \u00c9tat cl\u00e9 o\u00f9 chaque voix compte.<\/p>\n\n\n\n<p>\u00ab Vous n&rsquo;aurez pas nos votes \u00bb<\/p>\n\n\n\n<p>Celle d\u2019Ali ne sera pas non plus pour Joe Biden. Cet Irakien-Am\u00e9ricain d\u00e9nonce notamment les d\u00e9clarations faites par le pr\u00e9sident et les membres de son administration : \u00ab Il n\u2019y a qu\u2019\u00e0 voir ce que la porte-parole de la Maison Blanche a dit. Elle a compar\u00e9 les manifestations pro-Palestine, pro-droits de l\u2019Homme aux manifestants supr\u00e9macistes d\u2019extr\u00eame droite de Charlottesville ! <\/p>\n\n\n\n<p>C\u2019est une comparaison tr\u00e8s dangereuse quand on pr\u00e9tend vouloir combattre l\u2019islamophobie. Pour moi, c\u2019est de la folie et c\u2019est tout simplement m\u00e9prisable. \u00bbComme beaucoup, Ali compte voter pour Cornel West, qui se pr\u00e9sente comme candidat ind\u00e9pendant : \u00ab Rien ne me fera changer d\u2019avis pour voter Joe Biden.<\/p>\n\n\n\n<p> Plus jamais. <\/p>\n\n\n\n<p>Et c\u2019est un vrai mouvement au sein de la communaut\u00e9 arabe et musulmane. \u00bb<\/p>\n\n\n\n<p>\u00ab Vous n&rsquo;aurez pas nos votes \u00bb, <\/p>\n\n\n\n<p>c\u2019est ce qu\u2019a d\u00e9clar\u00e9 r\u00e9cemment l\u2019\u00e9lue palestinienne Rashida Tlaib, repr\u00e9sentante du Michigan, \u00e9tat qui compte une importante population arabe et musulmane et qui avait \u00e9t\u00e9 remport\u00e9 de justesse par Joe Biden, en 2020.<\/p>\n\n\n\n<p>RFI<\/p>\n","protected":false},"excerpt":{"rendered":"<p>\u00c0 moins d\u2019un an de la pr\u00e9sidentielle, les communaut\u00e9s musulmane et arabe des \u00c9tats-Unis semblent se d\u00e9tourner de Joe Biden<\/p>\n","protected":false},"author":1,"featured_media":25257,"comment_status":"open","ping_status":"open","sticky":false,"template":"","format":"standard","meta":{"footnotes":""},"categories":[51],"tags":[],"class_list":["post-25256","post","type-post","status-publish","format-standard","has-post-thumbnail","hentry","category-general"],"_links":{"self":[{"href":"https:\/\/dekkbi.com\/index.php?rest_route=\/wp\/v2\/posts\/25256","targetHints":{"allow":["GET"]}}],"collection":[{"href":"https:\/\/dekkbi.com\/index.php?rest_route=\/wp\/v2\/posts"}],"about":[{"href":"https:\/\/dekkbi.com\/index.php?rest_route=\/wp\/v2\/types\/post"}],"author":[{"embeddable":true,"href":"https:\/\/dekkbi.com\/index.php?rest_route=\/wp\/v2\/users\/1"}],"replies":[{"embeddable":true,"href":"https:\/\/dekkbi.com\/index.php?rest_route=%2Fwp%2Fv2%2Fcomments&post=25256"}],"version-history":[{"count":1,"href":"https:\/\/dekkbi.com\/index.php?rest_route=\/wp\/v2\/posts\/25256\/revisions"}],"predecessor-version":[{"id":25258,"href":"https:\/\/dekkbi.com\/index.php?rest_route=\/wp\/v2\/posts\/25256\/revisions\/25258"}],"wp:featuredmedia":[{"embeddable":true,"href":"https:\/\/dekkbi.com\/index.php?rest_route=\/wp\/v2\/media\/25257"}],"wp:attachment":[{"href":"https:\/\/dekkbi.com\/index.php?rest_route=%2Fwp%2Fv2%2Fmedia&parent=25256"}],"wp:term":[{"taxonomy":"category","embeddable":true,"href":"https:\/\/dekkbi.com\/index.php?rest_route=%2Fwp%2Fv2%2Fcategories&post=25256"},{"taxonomy":"post_tag","embeddable":true,"href":"https:\/\/dekkbi.com\/index.php?rest_route=%2Fwp%2Fv2%2Ftags&post=25256"}],"curies":[{"name":"wp","href":"https:\/\/api.w.org\/{rel}","templated":true}]}}