{"id":25243,"date":"2023-11-16T11:15:32","date_gmt":"2023-11-16T11:15:32","guid":{"rendered":"https:\/\/dekkbi.com\/?p=25243"},"modified":"2023-11-16T11:15:33","modified_gmt":"2023-11-16T11:15:33","slug":"infrastructures-aeroportuaires-laeroport-de-kedougou-remis-a-niveau","status":"publish","type":"post","link":"https:\/\/dekkbi.com\/?p=25243","title":{"rendered":"Infrastructures a\u00e9roportuaires : L\u2019a\u00e9roport de K\u00e9dougou remis \u00e0 niveau"},"content":{"rendered":"\n<p>Dans le cadre de sa visite mercredi, Macky Sall a r\u00e9ceptionn\u00e9 les travaux de r\u00e9habilitation de l\u2019a\u00e9roport de K\u00e9dougou. Lors de cette c\u00e9r\u00e9monie, Seydou Ba, Directeur ex\u00e9cutif des a\u00e9roports r\u00e9gionaux, est revenu sur les travaux effectu\u00e9s dans cet a\u00e9roport. <\/p>\n\n\n\n<p>D\u2019apr\u00e8s M. Ba, \u00abdu point de vue s\u00e9curitaire, la plateforme a \u00e9t\u00e9 compl\u00e8tement s\u00e9curis\u00e9e, un mur de plus de 5000 m a \u00e9t\u00e9 \u00e9rig\u00e9\u00bb. <\/p>\n\n\n\n<p>Cela, renseigne-t-il, \u00abpour s\u00e9curiser l\u2019a\u00e9roport et \u00e9viter les intrusions\u00bb. En outre, le directeur des A\u00e9roports r\u00e9gionaux soutient que \u00abla piste \u00e9tait d\u00e9grad\u00e9e, elle est pass\u00e9e d\u2019une longueur de 1800 \u00e0 2000 m sur une largeur de 30 m\u00bb. Selon M. Ba, \u00abc\u2019est une piste capable d\u2019accueillir certains types d\u2019avions\u00bb. <\/p>\n\n\n\n<p>D\u2019ailleurs fait-il remarquer que \u00able Casa 295 de l\u2019Arm\u00e9e a pu s\u2019y poser\u00bb. Du point de vue de l\u2019alimentation en \u00e9nergie, poursuit le Direc\u00adteur ex\u00e9cutif, \u00abla plateforme fonctionnait sur des groupes et aujourd\u2019hui, l\u2019a\u00e9roport est compl\u00e8tement raccord\u00e9 au r\u00e9seau \u00e9lectrique de la Se\u00adnelec\u00bb. Et de pr\u00e9ciser : \u00abNous avons comme support les groupes \u00e9lectrog\u00e8nes, en cas de dysfonctionnement de l\u2019\u00e9nergie, ce sont les groupes qui fonctionnent.\u00bb<\/p>\n\n\n\n<p> En plus de cela, l\u2019a\u00e9roport a \u00e9t\u00e9 dot\u00e9 de v\u00e9hicules d\u2019incendie et \u00abd\u2019un personnel affect\u00e9 qui veille sur les installations\u00bb. \u00abOn a \u00e9toff\u00e9 les \u00e9quipes pour pouvoir accueillir les avions, en attendant le projet qui va reconstruire compl\u00e8tement l\u2019a\u00e9roport\u00bb, a-t-il assur\u00e9.<\/p>\n\n\n\n<p>Seydou Ba a renseign\u00e9 que l\u2019a\u00e9roport de K\u00e9dougou a \u00e9t\u00e9 r\u00e9habilit\u00e9 il y a quelques mois, mais \u00abc\u2019\u00e9tait l\u2019occasion pour le Pr\u00e9sident Sall de venir constater le travail qui a \u00e9t\u00e9 fait et d\u2019inaugurer\u00bb.<\/p>\n\n\n\n<p>Mais le chef de l\u2019Etat n\u2019a pas fait de discours.Dans ses explications, il a soulign\u00e9 qu\u2019il est pr\u00e9vu \u00absa r\u00e9habilitation compl\u00e8te dans le cadre du programme de reconstruction des a\u00e9roports r\u00e9gionaux durant lequel l\u2019a\u00e9roport sera compl\u00e8tement re\u00adconstruit, comme l\u2019est aujourd\u2019hui l\u2019a\u00e9roport de Saint-Louis.<\/p>\n\n\n\n<p> C\u2019est un programme qui englobe tous les a\u00e9roports r\u00e9gionaux du S\u00e9n\u00e9gal\u00bb.<\/p>\n\n\n\n<p>Par ailleurs, parlant du projet de reconstruction des a\u00e9roports r\u00e9gionaux, Seydou Ba r\u00e9v\u00e8le que \u00abl\u2019a\u00e9roport de Saint-Louis va \u00eatre mis en service sous peu de temps\u00bb. Dans la m\u00eame dynamique, il fait savoir que les travaux des autres a\u00e9roports vont bient\u00f4t d\u00e9marrer.<\/p>\n\n\n\n<p>Par Dieynaba KANE \u2013 dkane@lequotidien.sn<\/p>\n","protected":false},"excerpt":{"rendered":"<p>Dans le cadre de sa visite mercredi, Macky Sall a r\u00e9ceptionn\u00e9 les travaux de r\u00e9habilitation de l\u2019a\u00e9roport de K\u00e9dougou. Lors<\/p>\n","protected":false},"author":1,"featured_media":25244,"comment_status":"open","ping_status":"open","sticky":false,"template":"","format":"standard","meta":{"footnotes":""},"categories":[3],"tags":[],"class_list":["post-25243","post","type-post","status-publish","format-standard","has-post-thumbnail","hentry","category-event-more-news"],"_links":{"self":[{"href":"https:\/\/dekkbi.com\/index.php?rest_route=\/wp\/v2\/posts\/25243","targetHints":{"allow":["GET"]}}],"collection":[{"href":"https:\/\/dekkbi.com\/index.php?rest_route=\/wp\/v2\/posts"}],"about":[{"href":"https:\/\/dekkbi.com\/index.php?rest_route=\/wp\/v2\/types\/post"}],"author":[{"embeddable":true,"href":"https:\/\/dekkbi.com\/index.php?rest_route=\/wp\/v2\/users\/1"}],"replies":[{"embeddable":true,"href":"https:\/\/dekkbi.com\/index.php?rest_route=%2Fwp%2Fv2%2Fcomments&post=25243"}],"version-history":[{"count":1,"href":"https:\/\/dekkbi.com\/index.php?rest_route=\/wp\/v2\/posts\/25243\/revisions"}],"predecessor-version":[{"id":25245,"href":"https:\/\/dekkbi.com\/index.php?rest_route=\/wp\/v2\/posts\/25243\/revisions\/25245"}],"wp:featuredmedia":[{"embeddable":true,"href":"https:\/\/dekkbi.com\/index.php?rest_route=\/wp\/v2\/media\/25244"}],"wp:attachment":[{"href":"https:\/\/dekkbi.com\/index.php?rest_route=%2Fwp%2Fv2%2Fmedia&parent=25243"}],"wp:term":[{"taxonomy":"category","embeddable":true,"href":"https:\/\/dekkbi.com\/index.php?rest_route=%2Fwp%2Fv2%2Fcategories&post=25243"},{"taxonomy":"post_tag","embeddable":true,"href":"https:\/\/dekkbi.com\/index.php?rest_route=%2Fwp%2Fv2%2Ftags&post=25243"}],"curies":[{"name":"wp","href":"https:\/\/api.w.org\/{rel}","templated":true}]}}