{"id":25206,"date":"2023-11-16T09:43:48","date_gmt":"2023-11-16T09:43:48","guid":{"rendered":"https:\/\/dekkbi.com\/?p=25206"},"modified":"2023-11-16T09:43:49","modified_gmt":"2023-11-16T09:43:49","slug":"kaffrine-le-maire-envisage-lerection-dune-bibliotheque-publique-pour-booster-les-resultats-scolaires","status":"publish","type":"post","link":"https:\/\/dekkbi.com\/?p=25206","title":{"rendered":"Kaffrine : le maire envisage l\u2019\u00e9rection d\u2019une biblioth\u00e8que publique pour booster les r\u00e9sultats scolaires"},"content":{"rendered":"\n<p>Kaffrine, 16 nov (APS) \u2013 Le maire de la commune de Kaffrine (centre), Abdoulaye Saydou Sow, a \u00e9mis mercredi l\u2019id\u00e9e d\u2019\u00e9riger une biblioth\u00e8que publique avec l\u2019\u00e9quipe municipale pour davantage mettre les \u00e9l\u00e8ves de la commune dans les meilleures conditions d\u2019\u00e9tude.\u00ab Nous devons travailler avec le pr\u00e9sident du conseil d\u00e9partemental et la municipalit\u00e9 pour l\u2019\u00e9rection d\u2019une biblioth\u00e8que publique \u00e0 Kaffrine parce que nos \u00e9l\u00e8ves d\u00e8s qu\u2019ils sortent de l\u2019\u00e9cole, ne sont  plus dans un  environnement scolaire. Cela ne rime pas avec de bons r\u00e9sultats \u00bb, a estim\u00e9 M. Sow.<\/p>\n\n\n\n<p>Il s\u2019exprimait au cours d\u2019une c\u00e9r\u00e9monie de r\u00e9ception d\u2019une salle informatique au lyc\u00e9e Babacar Cobar Ndao de Kaffrine \u00e9quip\u00e9e gr\u00e2ce \u00e0 un partenariat avec le Fonds du d\u00e9veloppement du service universel des t\u00e9l\u00e9communications (FDSUT).<\/p>\n\n\n\n<p>\u00ab Nous ne pouvons pas continuer de demander de tr\u00e8s bons r\u00e9sultats scolaires sans appuyer les apprenants \u00e0 trouver des espaces de lecture. C\u2019est un paradoxe qu\u2019il faut r\u00e9gler \u00bb, a d\u00e9clar\u00e9 le maire de Kaffrine.<\/p>\n\n\n\n<p>\u00ab Il y a un travail profond que nous devons faire  et cela n\u2019est possible qu\u2019avec l\u2019appui de l\u2019inspecteur d\u2019acad\u00e9mie, du proviseur, du corps professoral et des \u00e9l\u00e8ves qui sont habit\u00e9s par un esprit de maturit\u00e9 et de responsabilit\u00e9 \u00bb, a poursuivi Abdoulaye Saydou Sow.<\/p>\n\n\n\n<p>\u00ab Nous sommes dans l\u2019une des r\u00e9gions les plus pauvres, mais le meilleur moyen de  combattre cette pauvret\u00e9, c\u2019est l\u2019\u00e9ducation. Et le meilleur laboratoire pour y arriver c\u2019est l\u2019\u00e9cole \u00bb, a estim\u00e9 le maire de Kaffrine qui promet de travailler sur le sujet de concert avec le pr\u00e9sident du Conseil d\u00e9partemental de Kaffrine.<\/p>\n\n\n\n<p>CTS\/MTN       <\/p>\n\n\n\n<p><\/p>\n\n\n\n<p><\/p>\n","protected":false},"excerpt":{"rendered":"<p>Kaffrine, 16 nov (APS) \u2013 Le maire de la commune de Kaffrine (centre), Abdoulaye Saydou Sow, a \u00e9mis mercredi l\u2019id\u00e9e<\/p>\n","protected":false},"author":1,"featured_media":25207,"comment_status":"open","ping_status":"open","sticky":false,"template":"","format":"standard","meta":{"footnotes":""},"categories":[21],"tags":[],"class_list":["post-25206","post","type-post","status-publish","format-standard","has-post-thumbnail","hentry","category-societe"],"_links":{"self":[{"href":"https:\/\/dekkbi.com\/index.php?rest_route=\/wp\/v2\/posts\/25206","targetHints":{"allow":["GET"]}}],"collection":[{"href":"https:\/\/dekkbi.com\/index.php?rest_route=\/wp\/v2\/posts"}],"about":[{"href":"https:\/\/dekkbi.com\/index.php?rest_route=\/wp\/v2\/types\/post"}],"author":[{"embeddable":true,"href":"https:\/\/dekkbi.com\/index.php?rest_route=\/wp\/v2\/users\/1"}],"replies":[{"embeddable":true,"href":"https:\/\/dekkbi.com\/index.php?rest_route=%2Fwp%2Fv2%2Fcomments&post=25206"}],"version-history":[{"count":2,"href":"https:\/\/dekkbi.com\/index.php?rest_route=\/wp\/v2\/posts\/25206\/revisions"}],"predecessor-version":[{"id":25212,"href":"https:\/\/dekkbi.com\/index.php?rest_route=\/wp\/v2\/posts\/25206\/revisions\/25212"}],"wp:featuredmedia":[{"embeddable":true,"href":"https:\/\/dekkbi.com\/index.php?rest_route=\/wp\/v2\/media\/25207"}],"wp:attachment":[{"href":"https:\/\/dekkbi.com\/index.php?rest_route=%2Fwp%2Fv2%2Fmedia&parent=25206"}],"wp:term":[{"taxonomy":"category","embeddable":true,"href":"https:\/\/dekkbi.com\/index.php?rest_route=%2Fwp%2Fv2%2Fcategories&post=25206"},{"taxonomy":"post_tag","embeddable":true,"href":"https:\/\/dekkbi.com\/index.php?rest_route=%2Fwp%2Fv2%2Ftags&post=25206"}],"curies":[{"name":"wp","href":"https:\/\/api.w.org\/{rel}","templated":true}]}}