{"id":25203,"date":"2023-11-16T09:38:38","date_gmt":"2023-11-16T09:38:38","guid":{"rendered":"https:\/\/dekkbi.com\/?p=25203"},"modified":"2023-11-16T09:38:39","modified_gmt":"2023-11-16T09:38:39","slug":"universite-du-sine-saloum-el-hadji-ibrahima-niass-macky-sall-annonce-linauguration-prochaine-du-campus-de-mbadakhoune","status":"publish","type":"post","link":"https:\/\/dekkbi.com\/?p=25203","title":{"rendered":"Universit\u00e9 du Sine Saloum El Hadji Ibrahima Niass : Macky Sall annonce l\u2019inauguration prochaine du campus de Mbadakhoune"},"content":{"rendered":"\n<p>En tourn\u00e9e dans la Saloum, le pr\u00e9sident de la R\u00e9publique, Macky Sall, a annonc\u00e9 mercredi que le campus de l\u2019Universit\u00e9 du Sine Saloum El Hadji Ibrahima Niass (Ussein), en cours de construction \u00e0 Mbadakhoune, dans le d\u00e9partement de Guinguin\u00e9o, sera inaugur\u00e9 dans trois mois.En compagnie du Premier ministre Amadou B\u00e2, et des autorit\u00e9s administratives et politiques, le chef de l\u2019Etat s\u2019est rendu sur les lieux, pour constater de visu l\u2019\u00e9tat d\u2019avancement des travaux de ce campus de l\u2019USSEIN, une universit\u00e9 \u00e0 vocation agricole implant\u00e9e dans les r\u00e9gions de Kaffrine, Fatick et Kaolack.A son arriv\u00e9e \u00e0 Mbadakhoune, le pr\u00e9sident Sall a \u00e9t\u00e9 accueilli par la rectrice de l\u2019USSEIN, Pr Nd\u00e8ye Coumba Tour\u00e9 Kane, des autorit\u00e9s locales, le corps professoral et le personnel administratif, technique et de services (PATS) et des \u00e9tudiants.\u2018\u2019Je suis tr\u00e8s heureux de visiter aujourd\u2019hui ce chantier presque achev\u00e9 de l\u2019USSEIN, notamment le campus de Kaolack. Nous aurons \u00e0 r\u00e9ceptionner d\u00e9finitivement ces travaux et \u00e0 l\u2019inaugurer dans trois mois. C\u2019est le d\u00e9lai qui est donn\u00e9 par l\u2019entreprise au gouvernement\u2019\u2019, a-t-il notamment expliqu\u00e9.Il a dit que son souhait est \u2018\u2019que toutes les mesures soient prises\u2019\u2019, tant au plan budg\u00e9taire que du suivi de l\u2019ex\u00e9cution des travaux.<\/p>\n\n\n\n<p>LESOLEIL<\/p>\n","protected":false},"excerpt":{"rendered":"<p>En tourn\u00e9e dans la Saloum, le pr\u00e9sident de la R\u00e9publique, Macky Sall, a annonc\u00e9 mercredi que le campus de l\u2019Universit\u00e9<\/p>\n","protected":false},"author":1,"featured_media":25204,"comment_status":"open","ping_status":"open","sticky":false,"template":"","format":"standard","meta":{"footnotes":""},"categories":[21],"tags":[],"class_list":["post-25203","post","type-post","status-publish","format-standard","has-post-thumbnail","hentry","category-societe"],"_links":{"self":[{"href":"https:\/\/dekkbi.com\/index.php?rest_route=\/wp\/v2\/posts\/25203","targetHints":{"allow":["GET"]}}],"collection":[{"href":"https:\/\/dekkbi.com\/index.php?rest_route=\/wp\/v2\/posts"}],"about":[{"href":"https:\/\/dekkbi.com\/index.php?rest_route=\/wp\/v2\/types\/post"}],"author":[{"embeddable":true,"href":"https:\/\/dekkbi.com\/index.php?rest_route=\/wp\/v2\/users\/1"}],"replies":[{"embeddable":true,"href":"https:\/\/dekkbi.com\/index.php?rest_route=%2Fwp%2Fv2%2Fcomments&post=25203"}],"version-history":[{"count":1,"href":"https:\/\/dekkbi.com\/index.php?rest_route=\/wp\/v2\/posts\/25203\/revisions"}],"predecessor-version":[{"id":25205,"href":"https:\/\/dekkbi.com\/index.php?rest_route=\/wp\/v2\/posts\/25203\/revisions\/25205"}],"wp:featuredmedia":[{"embeddable":true,"href":"https:\/\/dekkbi.com\/index.php?rest_route=\/wp\/v2\/media\/25204"}],"wp:attachment":[{"href":"https:\/\/dekkbi.com\/index.php?rest_route=%2Fwp%2Fv2%2Fmedia&parent=25203"}],"wp:term":[{"taxonomy":"category","embeddable":true,"href":"https:\/\/dekkbi.com\/index.php?rest_route=%2Fwp%2Fv2%2Fcategories&post=25203"},{"taxonomy":"post_tag","embeddable":true,"href":"https:\/\/dekkbi.com\/index.php?rest_route=%2Fwp%2Fv2%2Ftags&post=25203"}],"curies":[{"name":"wp","href":"https:\/\/api.w.org\/{rel}","templated":true}]}}