{"id":2520,"date":"2022-10-28T16:10:47","date_gmt":"2022-10-28T16:10:47","guid":{"rendered":"https:\/\/dekkbi.com\/?p=2520"},"modified":"2022-10-28T16:10:49","modified_gmt":"2022-10-28T16:10:49","slug":"presidentielle-2024-des-activistes-lancent-jamm-mo-gen-3eme-mandat","status":"publish","type":"post","link":"https:\/\/dekkbi.com\/?p=2520","title":{"rendered":"Pr\u00e9sidentielle 2024 : Des activistes lancent \u00abJamm mo g\u00ebn 3\u00e8me mandat\u00bb"},"content":{"rendered":"\n<p>Lequotidien\u00a0&#8211; La paix vaut mieux que le troisi\u00e8me mandat. Tels sont les termes de l\u2019initiative \u00abJamm mo g\u00ebn troisi\u00e8me mandat\u00bb, lanc\u00e9e hier par des organisations politiques et civiles, \u00e0 travers une lettre ouverte pour inviter le chef de l\u2019Etat \u00e0 ne pas briguer un troisi\u00e8me mandat et \u00e0 respecter sa parole.<\/p>\n\n\n\n<p><strong>Par Justin GOMIS \u2013<\/strong>&nbsp;L\u2019ann\u00e9e 2024 \u00e0 grands pas. Mais l\u2019horizon reste encore sombre sur une \u00e9ventuelle candidature du Pr\u00e9sident Macky Sall pour un troisi\u00e8me mandat. Pr\u00e9occup\u00e9es par le mutisme du chef de l\u2019Etat sur cette question, des organisations politiques et de la Soci\u00e9t\u00e9 civile ont lanc\u00e9 hier une initiative citoyenne contre le troisi\u00e8me mandat au S\u00e9n\u00e9gal, d\u00e9nomm\u00e9e \u00abJamm mo g\u00ebn troisi\u00e8me mandat\u00bb.<\/p>\n\n\n\n<p>A travers une lettre ouverte, ils demandent au Pr\u00e9sident Sall de surseoir \u00e0 une troisi\u00e8me candidature pour l\u2019\u00e9lection pr\u00e9sidentielle de 2024. \u00abNous citoyens s\u00e9n\u00e9galais, mouvements citoyens, organisations politiques, nous vous invitons \u00e0 ne pas pr\u00e9senter votre candidature \u00e0 l\u2019\u00e9lection pr\u00e9sidentielle de 2024, par respect pour la parole donn\u00e9e et par respect pour l\u2019interpr\u00e9tation claire et sans \u00e9quivoque que vous n\u2019avez cess\u00e9 de donner \u00e0 notre Constitution\u00bb, disent-ils. Avant de rappeler au pr\u00e9sident de la R\u00e9publique, sa volont\u00e9 manifeste \u00abde renforcer nos acquis d\u00e9mocratiques en confirmant la limitation du nombre de mandats pr\u00e9sidentiels \u00e0 deux, en verrouillant notre Charte fondamentale en 2016\u00bb.<\/p>\n\n\n\n<p>En saluant ce courage politique de Macky Sall, qui contribue \u00e0 la stabilit\u00e9 du pays et \u00e0 son rayonnement international, les concepteurs de l\u2019initiative \u00abJamm mo g\u00ebn troisi\u00e8me mandat\u00bb n\u2019ont pas manqu\u00e9, dans leur missive, de rappeler \u00abl\u2019engagement personnel de l\u2019actuel locataire du Palais dans la lutte contre le troisi\u00e8me mandat\u00bb dont il a \u00e9t\u00e9 le principal b\u00e9n\u00e9ficiaire en 2012.<\/p>\n\n\n\n<p>Dans la m\u00eame veine, ils lui rappellent ses d\u00e9clarations fortes contre le 3e mandat, en disant que \u00abnul ne peut exercer plus deux mandats cons\u00e9cutifs\u00bb. Et ces fortes d\u00e9clarations avaient non seulement permis de clarifier, mais de lever toute ambigu\u00eft\u00e9 sur cette question. \u00abVous-m\u00eame, Monsieur le Pr\u00e9sident, avez dit et r\u00e9p\u00e9t\u00e9, \u00e0 maintes occasions, avant votre r\u00e9\u00e9lection, en 2019, que vous n\u2019aviez pas la possibilit\u00e9 de faire plus de deux mandats cons\u00e9cutifs. Vous l\u2019avez m\u00eame clairement indiqu\u00e9 dans votre ouvrage, Le S\u00e9n\u00e9gal au c\u0153ur-2019, en pr\u00e9cisant \u00e0 la page 165 : \u00abEt me voici de nouveau devant vous en vue de solliciter votre confiance pour un second et dernier mandat\u00bb\u00bb, lui rappellent-ils, en outre, en soulignant qu\u2019ils n\u2019ont aucun doute que \u00abcette disposition est tr\u00e8s clairement comprise par le chef de l\u2019Etat, t\u00e9moin de la r\u00e9forme\u00bb. \u00abNous savons tous qu\u2019aussi bien dans l\u2019esprit que dans la lettre, la limitation des mandats \u00e0 deux est sans \u00e9quivoque et d\u00e9finitivement ancr\u00e9e dans la Loi fondamentale qui organise le mode de repr\u00e9sentation et les m\u00e9canismes d\u00e9mocratiques de notre R\u00e9publique\u00bb, font-ils remarquer dans la lettre ouverte.<\/p>\n\n\n\n<p>D\u2019apr\u00e8s les organisations politiques et civiles, les cons\u00e9quences d\u2019un forcing pour un troisi\u00e8me mandat ont toujours engendr\u00e9 en Afrique, \u00abdes cons\u00e9quences tragiques et lourdes pour les populations\u00bb. Un sc\u00e9nario de chaos qu\u2019elles veulent \u00e9viter \u00e0 notre pays en demandant au Pr\u00e9sident Macky Sall \u00abde respecter la Constitution et sa parole ndax Jamm mo g\u00ebn troisi\u00e8me mandat\u00bb.<br><strong>justin@lequotidien.sn<\/strong><\/p>\n","protected":false},"excerpt":{"rendered":"<p>Lequotidien\u00a0&#8211; La paix vaut mieux que le troisi\u00e8me mandat. Tels sont les termes de l\u2019initiative \u00abJamm mo g\u00ebn troisi\u00e8me mandat\u00bb,<\/p>\n","protected":false},"author":1,"featured_media":2521,"comment_status":"open","ping_status":"open","sticky":false,"template":"","format":"standard","meta":{"footnotes":""},"categories":[6],"tags":[],"class_list":["post-2520","post","type-post","status-publish","format-standard","has-post-thumbnail","hentry","category-politics"],"_links":{"self":[{"href":"https:\/\/dekkbi.com\/index.php?rest_route=\/wp\/v2\/posts\/2520","targetHints":{"allow":["GET"]}}],"collection":[{"href":"https:\/\/dekkbi.com\/index.php?rest_route=\/wp\/v2\/posts"}],"about":[{"href":"https:\/\/dekkbi.com\/index.php?rest_route=\/wp\/v2\/types\/post"}],"author":[{"embeddable":true,"href":"https:\/\/dekkbi.com\/index.php?rest_route=\/wp\/v2\/users\/1"}],"replies":[{"embeddable":true,"href":"https:\/\/dekkbi.com\/index.php?rest_route=%2Fwp%2Fv2%2Fcomments&post=2520"}],"version-history":[{"count":1,"href":"https:\/\/dekkbi.com\/index.php?rest_route=\/wp\/v2\/posts\/2520\/revisions"}],"predecessor-version":[{"id":2522,"href":"https:\/\/dekkbi.com\/index.php?rest_route=\/wp\/v2\/posts\/2520\/revisions\/2522"}],"wp:featuredmedia":[{"embeddable":true,"href":"https:\/\/dekkbi.com\/index.php?rest_route=\/wp\/v2\/media\/2521"}],"wp:attachment":[{"href":"https:\/\/dekkbi.com\/index.php?rest_route=%2Fwp%2Fv2%2Fmedia&parent=2520"}],"wp:term":[{"taxonomy":"category","embeddable":true,"href":"https:\/\/dekkbi.com\/index.php?rest_route=%2Fwp%2Fv2%2Fcategories&post=2520"},{"taxonomy":"post_tag","embeddable":true,"href":"https:\/\/dekkbi.com\/index.php?rest_route=%2Fwp%2Fv2%2Ftags&post=2520"}],"curies":[{"name":"wp","href":"https:\/\/api.w.org\/{rel}","templated":true}]}}