{"id":25194,"date":"2023-11-15T11:32:15","date_gmt":"2023-11-15T11:32:15","guid":{"rendered":"https:\/\/dekkbi.com\/?p=25194"},"modified":"2023-11-15T11:32:16","modified_gmt":"2023-11-15T11:32:16","slug":"esclavage-le-ghana-appelle-a-faire-front-commun-pour-obtenir-reparation","status":"publish","type":"post","link":"https:\/\/dekkbi.com\/?p=25194","title":{"rendered":"Esclavage : le Ghana appelle \u00e0 faire front commun pour obtenir r\u00e9paration"},"content":{"rendered":"\n<p>Le pr\u00e9sident du Ghana, Nana Akufo-Addo, appelle ses homologues africains \u00e0 faire front commun pour obtenir des r\u00e9parations pour l&rsquo;esclavage transatlantique et les dommages caus\u00e9s durant l&rsquo;\u00e8re coloniale. <\/p>\n\n\n\n<p>\u00ab\u00a0Le continent africain tout entier m\u00e9rite des excuses officielles de la part des nations europ\u00e9ennes impliqu\u00e9es dans la traite des esclaves\u00a0\u00bb, a d\u00e9clar\u00e9 ce 14 novembre Nana Akufo-Addo lors d&rsquo;une conf\u00e9rence sur les r\u00e9parations r\u00e9unissant des dirigeants africains \u00e0 Accra.<\/p>\n\n\n\n<p>\u00ab\u00a0Aucune somme d&rsquo;argent ne peut r\u00e9parer les dommages caus\u00e9s par la traite transatlantique des esclaves et ses cons\u00e9quences. Mais il s&rsquo;agit d&rsquo;une question que le monde ne peut plus ignorer\u00a0\u00bb, a-t-il ajout\u00e9.<\/p>\n\n\n\n<p>Toutefois, le pr\u00e9sident ghan\u00e9en n&rsquo;a pas pr\u00e9cis\u00e9 la forme que pourraient prendre les r\u00e9parations financi\u00e8res pour l&rsquo;esclavage transatlantique, qui a organis\u00e9 le commerce de millions de personnes d&rsquo;Afrique de l&rsquo;Ouest et centrale.<\/p>\n\n\n\n<p>Le pr\u00e9sident ghan\u00e9en, dont le pays a \u00e9t\u00e9 le premier du continent \u00e0 acc\u00e9der \u00e0 l&rsquo;ind\u00e9pendance en 1957, avait d\u00e9j\u00e0 r\u00e9clam\u00e9 r\u00e9paration devant l&rsquo;Assembl\u00e9e g\u00e9n\u00e9rale de l&rsquo;ONU en septembre. <\/p>\n\n\n\n<p>Invitant l&rsquo;Afrique \u00e0 collaborer avec les Cara\u00efbes pour faire progresser les r\u00e9parations, Akufo-Addo a ajout\u00e9 qu&rsquo;il s&rsquo;agissait d&rsquo;une \u00ab\u00a0demande de justice l\u00e9gitime\u00a0\u00bb. Le Fort de Cape Coast au Ghana, ancien comptoir colonial de la traite n\u00e9gri\u00e8re, est inscrit au patrimoine mondial de l&rsquo;Unesco depuis 1979<\/p>\n\n\n\n<p>D\u00e9crivant l&rsquo;esclavage et le colonialisme comme \u00ab\u00a0la phase sombre de l&rsquo;Afrique\u00a0\u00bb, le pr\u00e9sident de l&rsquo;Union des Comores et pr\u00e9sident de l&rsquo;Union africaine, Azali Assoumani, a expliqu\u00e9 pendant la conf\u00e9rence que l&rsquo;ombre de l&rsquo;\u00e8re coloniale \u00ab\u00a0fait encore des ravages dans notre population\u00a0\u00bb.<\/p>\n\n\n\n<p>Ce mois-ci, le pr\u00e9sident allemand Frank-Walter Steinmeier a exprim\u00e9 sa \u00ab\u00a0honte\u00a0\u00bb face aux crimes commis pendant la p\u00e9riode coloniale de son pays en Tanzanie.<\/p>\n\n\n\n<p>En d\u00e9but d&rsquo;ann\u00e9e, le propri\u00e9taire du journal britannique The Guardian a pr\u00e9sent\u00e9 ses excuses pour le r\u00f4le jou\u00e9 par les fondateurs du m\u00e9dia dans l&rsquo;esclavage transatlantique et a annonc\u00e9 un \u00ab\u00a0programme de justice r\u00e9paratrice d&rsquo;une dur\u00e9e de dix ans\u00a0\u00bb.<\/p>\n\n\n\n<p>R\u00e9cemment, certains chefs d&rsquo;\u00c9tat occidentaux ont commenc\u00e9 \u00e0 reconna\u00eetre les torts commis au cours de cette \u00e9poque en Afrique, et des mus\u00e9es ont commenc\u00e9 \u00e0 restituer des tr\u00e9sors et des oeuvres d&rsquo;art africain vol\u00e9s.<\/p>\n","protected":false},"excerpt":{"rendered":"<p>Le pr\u00e9sident du Ghana, Nana Akufo-Addo, appelle ses homologues africains \u00e0 faire front commun pour obtenir des r\u00e9parations pour l&rsquo;esclavage<\/p>\n","protected":false},"author":1,"featured_media":25195,"comment_status":"open","ping_status":"open","sticky":false,"template":"","format":"standard","meta":{"footnotes":""},"categories":[51],"tags":[],"class_list":["post-25194","post","type-post","status-publish","format-standard","has-post-thumbnail","hentry","category-general"],"_links":{"self":[{"href":"https:\/\/dekkbi.com\/index.php?rest_route=\/wp\/v2\/posts\/25194","targetHints":{"allow":["GET"]}}],"collection":[{"href":"https:\/\/dekkbi.com\/index.php?rest_route=\/wp\/v2\/posts"}],"about":[{"href":"https:\/\/dekkbi.com\/index.php?rest_route=\/wp\/v2\/types\/post"}],"author":[{"embeddable":true,"href":"https:\/\/dekkbi.com\/index.php?rest_route=\/wp\/v2\/users\/1"}],"replies":[{"embeddable":true,"href":"https:\/\/dekkbi.com\/index.php?rest_route=%2Fwp%2Fv2%2Fcomments&post=25194"}],"version-history":[{"count":1,"href":"https:\/\/dekkbi.com\/index.php?rest_route=\/wp\/v2\/posts\/25194\/revisions"}],"predecessor-version":[{"id":25196,"href":"https:\/\/dekkbi.com\/index.php?rest_route=\/wp\/v2\/posts\/25194\/revisions\/25196"}],"wp:featuredmedia":[{"embeddable":true,"href":"https:\/\/dekkbi.com\/index.php?rest_route=\/wp\/v2\/media\/25195"}],"wp:attachment":[{"href":"https:\/\/dekkbi.com\/index.php?rest_route=%2Fwp%2Fv2%2Fmedia&parent=25194"}],"wp:term":[{"taxonomy":"category","embeddable":true,"href":"https:\/\/dekkbi.com\/index.php?rest_route=%2Fwp%2Fv2%2Fcategories&post=25194"},{"taxonomy":"post_tag","embeddable":true,"href":"https:\/\/dekkbi.com\/index.php?rest_route=%2Fwp%2Fv2%2Ftags&post=25194"}],"curies":[{"name":"wp","href":"https:\/\/api.w.org\/{rel}","templated":true}]}}