{"id":25175,"date":"2023-11-15T10:42:15","date_gmt":"2023-11-15T10:42:15","guid":{"rendered":"https:\/\/dekkbi.com\/?p=25175"},"modified":"2023-11-15T10:42:15","modified_gmt":"2023-11-15T10:42:15","slug":"ucad-enseignement-en-ligne-le-saes-se-deconnecte","status":"publish","type":"post","link":"https:\/\/dekkbi.com\/?p=25175","title":{"rendered":"Ucad \u2013 Enseignement en ligne : Le Saes se d\u00e9connecte"},"content":{"rendered":"\n<p>L\u2019enseignement sup\u00e9rieur est entr\u00e9 dans un cycle de crises. Jusqu\u2019o\u00f9 cela va aller ? En tout cas, le Saes a d\u00e9cid\u00e9 de boycotter les cours en ligne d\u00e9cid\u00e9s par le Conseil acad\u00e9mique de l\u2019Ucad, qui a maintenu ferm\u00e9s ses campus jusqu\u2019\u00e0 nouvel ordre.<\/p>\n\n\n\n<p>Par Cheikh CAMARA \u2013 C\u2019est dans un contexte tendu d\u00fb \u00e0 la fermeture de certaines universit\u00e9s depuis le mois de juin 2023, que s\u2019est tenue, \u00e0 l\u2019Ecole polytechnique de Thi\u00e8s, la Conf\u00e9rence nationale des sections (Cns) du Syndicat autonome de l\u2019enseignement sup\u00e9rieur (Saes), qui regroupe le Bureau national (Bn) et tous les bureaux de section de l\u2019ensemble des campus du S\u00e9n\u00e9gal (Saint-Louis, Dakar, Thi\u00e8s, Bambey, Ziguinchor, Sine-Saloum et Universit\u00e9 num\u00e9rique).<\/p>\n\n\n\n<p>A la lumi\u00e8re des diff\u00e9rentes interventions, au cours de cette instance statutaire, remarquent le Secr\u00e9taire g\u00e9n\u00e9ral de la Coordination du Saes du Campus de Thi\u00e8s, Dr Mamadou Tandian Diaw, et ses camarades, il ressort de nombreux manquements : il y a les \u00absempiternels constats\u00bb autour d\u2019\u00abun d\u00e9ficit budg\u00e9taire en\u00adtrainant des retards r\u00e9currents de paiement de salaires\u00bb, \u00abun manque d\u2019infrastructures p\u00e9dagogiques ad\u00e9quates\u00bb, \u00abune augmentation incontr\u00f4l\u00e9e des effectifs d\u2019\u00e9tudiants dans les universit\u00e9s\u00bb, \u00abun d\u00e9ficit en personnel d\u2019enseignement et de recherche\u00bb, de \u00abla spoliation fonci\u00e8re sur certains campus\u00bb, le \u00abnon-respect du protocole d\u2019accord du 6 janvier 2023\u00bb.<\/p>\n\n\n\n<p>Le Saes, conscient, dit-il, de \u00abla gravit\u00e9 des moments que traverse l\u2019universit\u00e9 publique s\u00e9n\u00e9galaise\u00bb, d\u00e9nonce \u00abla d\u00e9sinformation de la tutelle et des autorit\u00e9s acad\u00e9miques pour masquer l\u2019\u00e9chec total de ce que ces derniers appellent \u00abenseignement \u00e0 distance\u00bb, pourtant annonc\u00e9 comme une panac\u00e9e contre la fermeture depuis le mois de juin\u00bb. <\/p>\n\n\n\n<p>Aussi de rappeler qu\u2019\u00aben vertu de l\u2019autonomie p\u00e9dagogique et des franchises et libert\u00e9s universitaires, aucune \u00e9valuation, aucune validation d\u2019enseignement, aucune d\u00e9livrance de dipl\u00f4me ne saurait se faire sans les enseignants, apr\u00e8s des enseignements effectivement dispens\u00e9s aux apprenants\u00bb.<\/p>\n\n\n\n<p>Par cons\u00e9quent, les enseignants du sup\u00e9rieur maintiennent \u00able mot d\u2019ordre de l\u2019arr\u00eat des cours en ligne pour les universit\u00e9s ferm\u00e9es\u00bb, exigent \u00abla r\u00e9ouverture imm\u00e9diate et la s\u00e9curisation des universit\u00e9s pour le d\u00e9roulement des enseignements en pr\u00e9sentiel conform\u00e9ment aux maquettes p\u00e9dagogiques\u00bb, rappellent aux militants \u00ableur responsabilit\u00e9, conform\u00e9ment aux libert\u00e9s acad\u00e9miques, de ne pas faire subir aux \u00e9tudiants des \u00e9valuations si les enseignements ne sont pas effectu\u00e9s et si les conditions de fiabilit\u00e9 ne sont pas remplies pour ces m\u00eames \u00e9valuations\u00bb. <\/p>\n\n\n\n<p>Aussi de demander aux militants de \u00abrester dans les universit\u00e9s\u00bb, exhortant les sections \u00e0 \u00abmobiliser les camarades pour signer les p\u00e9titions pour la convocation des instances p\u00e9dagogiques, en l\u2019occurrence les assembl\u00e9es de facult\u00e9s ou conseils d\u2019Ufr, pour continuer ainsi \u00e0 exiger la r\u00e9ouverture et la s\u00e9curisation des universit\u00e9s\u00bb. Ils ne manquent pas de r\u00e9clamer \u00able respect du protocole d\u2019accord Saes-gouvernement du 6 janvier 2023\u00bb.<\/p>\n\n\n\n<p>Le Saes dit prendre \u00e0 t\u00e9moin l\u2019opinion nationale et internationale sur \u00abla situation inqui\u00e9tante et injustifi\u00e9e qui pr\u00e9vaut dans les universit\u00e9s qui ont \u00e0 peine effectu\u00e9 le premier semestre de l\u2019ann\u00e9e 2022-2023 alors que les bacheliers de 2023 frappent aux portes des universit\u00e9s\u00bb.<\/p>\n\n\n\n<p> Et par cons\u00e9quent, de d\u00e9gager \u00abtoute responsabilit\u00e9 dans la validit\u00e9 ou non des ann\u00e9es acad\u00e9miques 2022-2023 et 2023-2024\u00bb. Le Syndicat autonome de l\u2019enseignement sup\u00e9rieur appelle tous les enseignants \u00e0 \u00abla mobilisation, la d\u00e9termination et la disponibilit\u00e9 dans toutes les universit\u00e9s publiques pour reprendre sans d\u00e9lai les activit\u00e9s p\u00e9dagogiques en pr\u00e9sentiel\u00bb. Il r\u00e9affirme en outre sa disponibilit\u00e9 \u00e0 \u00ab\u0153uvrer pour jeter les bases d\u2019un consensus solide pour la s\u00e9curisation et la r\u00e9ouverture des universit\u00e9s, pour ainsi \u00e9viter le d\u00e9mant\u00e8lement de notre syst\u00e8me d\u2019enseignement sup\u00e9rieur\u00bb.<\/p>\n\n\n\n<p>Correspondant L&rsquo;\u00c9QUITIDIEN<\/p>\n","protected":false},"excerpt":{"rendered":"<p>L\u2019enseignement sup\u00e9rieur est entr\u00e9 dans un cycle de crises. Jusqu\u2019o\u00f9 cela va aller ? En tout cas, le Saes a<\/p>\n","protected":false},"author":1,"featured_media":25176,"comment_status":"open","ping_status":"open","sticky":false,"template":"","format":"standard","meta":{"footnotes":""},"categories":[21],"tags":[],"class_list":["post-25175","post","type-post","status-publish","format-standard","has-post-thumbnail","hentry","category-societe"],"_links":{"self":[{"href":"https:\/\/dekkbi.com\/index.php?rest_route=\/wp\/v2\/posts\/25175","targetHints":{"allow":["GET"]}}],"collection":[{"href":"https:\/\/dekkbi.com\/index.php?rest_route=\/wp\/v2\/posts"}],"about":[{"href":"https:\/\/dekkbi.com\/index.php?rest_route=\/wp\/v2\/types\/post"}],"author":[{"embeddable":true,"href":"https:\/\/dekkbi.com\/index.php?rest_route=\/wp\/v2\/users\/1"}],"replies":[{"embeddable":true,"href":"https:\/\/dekkbi.com\/index.php?rest_route=%2Fwp%2Fv2%2Fcomments&post=25175"}],"version-history":[{"count":1,"href":"https:\/\/dekkbi.com\/index.php?rest_route=\/wp\/v2\/posts\/25175\/revisions"}],"predecessor-version":[{"id":25177,"href":"https:\/\/dekkbi.com\/index.php?rest_route=\/wp\/v2\/posts\/25175\/revisions\/25177"}],"wp:featuredmedia":[{"embeddable":true,"href":"https:\/\/dekkbi.com\/index.php?rest_route=\/wp\/v2\/media\/25176"}],"wp:attachment":[{"href":"https:\/\/dekkbi.com\/index.php?rest_route=%2Fwp%2Fv2%2Fmedia&parent=25175"}],"wp:term":[{"taxonomy":"category","embeddable":true,"href":"https:\/\/dekkbi.com\/index.php?rest_route=%2Fwp%2Fv2%2Fcategories&post=25175"},{"taxonomy":"post_tag","embeddable":true,"href":"https:\/\/dekkbi.com\/index.php?rest_route=%2Fwp%2Fv2%2Ftags&post=25175"}],"curies":[{"name":"wp","href":"https:\/\/api.w.org\/{rel}","templated":true}]}}