{"id":25089,"date":"2023-11-14T10:44:42","date_gmt":"2023-11-14T10:44:42","guid":{"rendered":"https:\/\/dekkbi.com\/?p=25089"},"modified":"2023-11-14T10:44:43","modified_gmt":"2023-11-14T10:44:43","slug":"operations-de-deguerpissement-a-sandaga-les-marchands-ambulants-elevent-la-voix-et-exigent-des-solutions-immediates","status":"publish","type":"post","link":"https:\/\/dekkbi.com\/?p=25089","title":{"rendered":"Op\u00e9rations de d\u00e9guerpissement \u00e0 Sandaga: Les marchands ambulants \u00e9l\u00e8vent la voix et exigent des solutions imm\u00e9diates"},"content":{"rendered":"\n<p>Dans un contexte de tensions sociales croissantes et d&rsquo;augmentation du co\u00fbt de la vie, les membres de la Synergie des Marchands Ambulants pour le D\u00e9veloppement (SYMAD) se sont r\u00e9unis le lundi 13 novembre 2023, au march\u00e9 Sandaga, pour exprimer leur opposition aux r\u00e9centes op\u00e9rations de d\u00e9guerpissement men\u00e9es par le minist\u00e8re de l&rsquo;Hygi\u00e8ne publique et du Cadre de vie, en collaboration avec la Commune d&rsquo;Arrondissement de Dakar plateau.<\/p>\n\n\n\n<p>Les marchands ambulants ont fortement critiqu\u00e9 l&rsquo;opportunit\u00e9 de ces op\u00e9rations, soulignant le risque de priver des milliers de jeunes de leurs moyens de subsistance dans un contexte de crise sociale et \u00e9conomique. <\/p>\n\n\n\n<p>\u00ab\u00a0L&rsquo;\u00c9tat a pour mission de former et d&rsquo;encadrer les jeunes entrepreneurs, pas d&rsquo;opprimer ses valeureux fils qui cherchent simplement \u00e0 contribuer \u00e0 l&rsquo;\u00e9mergence tant chant\u00e9e par le pr\u00e9sident Macky Sall\u00a0\u00bb, a soulign\u00e9 Adama Sow, SG de la SYMAD.<\/p>\n\n\n\n<p>Le porte-parole des marchands ambulants de Sandaga, a plaid\u00e9 en faveur d&rsquo;une suspension imm\u00e9diate des op\u00e9rations de d\u00e9guerpissement, soulignant l&rsquo;importance de pr\u00e9server les emplois des petits entrepreneurs, en qu\u00eate de survie. <\/p>\n\n\n\n<p>Il a particuli\u00e8rement interpell\u00e9 le ministre en charge de l&rsquo;hygi\u00e8ne publique et du cadre de vie, appelant \u00e0 un r\u00e9examen des actions men\u00e9es. \u00ab\u00a0Nous demandons \u00e0 l&rsquo;\u00c9tat, particuli\u00e8rement au ministre en charge de l&rsquo;hygi\u00e8ne publique et du cadre de vie, de surseoir \u00e0 ces op\u00e9rations d\u00e9solantes et inopportunes. <\/p>\n\n\n\n<p>Nous demandons \u00e0 l&rsquo;\u00c9tat de peser pour sauvegarder l&#8217;emploi de ces petits entrepreneurs en qu\u00eate de survie\u00a0\u00bb, a-t-il lanc\u00e9.<\/p>\n\n\n\n<p>En qu\u00eate de solutions, les membres de la SYMAD ont appel\u00e9 le minist\u00e8re en charge de l&rsquo;hygi\u00e8ne publique et du cadre de vie, M. Alioune Ndoye, \u00e0 acc\u00e9l\u00e9rer le processus de recasement au niveau du site de Petersen.<\/p>\n\n\n\n<p> Ils estiment que cette mesure pourrait r\u00e9soudre une grande partie des probl\u00e8mes li\u00e9s \u00e0 l&rsquo;encombrement dans la capitale et offrir des alternatives aux marchands ambulants affect\u00e9s par les op\u00e9rations de d\u00e9guerpissement. \u00ab\u00a0Nous demandons au ministre-maire, M. Alioune Ndoye, d&rsquo;acc\u00e9l\u00e9rer le processus de recasement dans le site de PETERSEN, ce qui pourrait r\u00e9soudre une grande partie des probl\u00e8mes li\u00e9s \u00e0 l&rsquo;encombrement dans la capitale\u00a0\u00bb, a d\u00e9clar\u00e9 M. Sow.<\/p>\n\n\n\n<p>Birame Khary Ndaw<\/p>\n\n\n\n<p>SOURCE LERAL<\/p>\n","protected":false},"excerpt":{"rendered":"<p>Dans un contexte de tensions sociales croissantes et d&rsquo;augmentation du co\u00fbt de la vie, les membres de la Synergie des<\/p>\n","protected":false},"author":1,"featured_media":25090,"comment_status":"open","ping_status":"open","sticky":false,"template":"","format":"standard","meta":{"footnotes":""},"categories":[26],"tags":[],"class_list":["post-25089","post","type-post","status-publish","format-standard","has-post-thumbnail","hentry","category-fait-divers"],"_links":{"self":[{"href":"https:\/\/dekkbi.com\/index.php?rest_route=\/wp\/v2\/posts\/25089","targetHints":{"allow":["GET"]}}],"collection":[{"href":"https:\/\/dekkbi.com\/index.php?rest_route=\/wp\/v2\/posts"}],"about":[{"href":"https:\/\/dekkbi.com\/index.php?rest_route=\/wp\/v2\/types\/post"}],"author":[{"embeddable":true,"href":"https:\/\/dekkbi.com\/index.php?rest_route=\/wp\/v2\/users\/1"}],"replies":[{"embeddable":true,"href":"https:\/\/dekkbi.com\/index.php?rest_route=%2Fwp%2Fv2%2Fcomments&post=25089"}],"version-history":[{"count":1,"href":"https:\/\/dekkbi.com\/index.php?rest_route=\/wp\/v2\/posts\/25089\/revisions"}],"predecessor-version":[{"id":25091,"href":"https:\/\/dekkbi.com\/index.php?rest_route=\/wp\/v2\/posts\/25089\/revisions\/25091"}],"wp:featuredmedia":[{"embeddable":true,"href":"https:\/\/dekkbi.com\/index.php?rest_route=\/wp\/v2\/media\/25090"}],"wp:attachment":[{"href":"https:\/\/dekkbi.com\/index.php?rest_route=%2Fwp%2Fv2%2Fmedia&parent=25089"}],"wp:term":[{"taxonomy":"category","embeddable":true,"href":"https:\/\/dekkbi.com\/index.php?rest_route=%2Fwp%2Fv2%2Fcategories&post=25089"},{"taxonomy":"post_tag","embeddable":true,"href":"https:\/\/dekkbi.com\/index.php?rest_route=%2Fwp%2Fv2%2Ftags&post=25089"}],"curies":[{"name":"wp","href":"https:\/\/api.w.org\/{rel}","templated":true}]}}