{"id":25086,"date":"2023-11-14T10:40:40","date_gmt":"2023-11-14T10:40:40","guid":{"rendered":"https:\/\/dekkbi.com\/?p=25086"},"modified":"2023-11-14T10:40:41","modified_gmt":"2023-11-14T10:40:41","slug":"frappes-americaines-sur-des-sites-lies-a-liran-la-syrie-est-un-terrain-sur-lequel-on-regle-des-comptes","status":"publish","type":"post","link":"https:\/\/dekkbi.com\/?p=25086","title":{"rendered":"Frappes am\u00e9ricaines sur des sites li\u00e9s \u00e0 l&rsquo;Iran: \u00abLa Syrie est un terrain sur lequel on r\u00e8gle des comptes\u00bb"},"content":{"rendered":"\n<p>Frappes am\u00e9ricaines sur des groupes pro-Iran en Syrie, \u00e9changes de tirs \u00e0 la fronti\u00e8re Isra\u00ebl-Liban\u2026 <\/p>\n\n\n\n<p>La guerre \u00e0 Gaza risque-t-elle de d\u00e9g\u00e9n\u00e9rer en une confrontation r\u00e9gionale ? <\/p>\n\n\n\n<p>Pour le chercheur Thomas Pierret, charg\u00e9 de recherches \u00e0 l\u2019Institut de recherches et d&rsquo;\u00e9tudes sur le monde arabe et musulman (Iremam), les diff\u00e9rents acteurs souhaitent l\u2019\u00e9viter mais s\u2019adressent \u00ab des messages violents \u00bb.<\/p>\n\n\n\n<p>RFI : Huit combattants pro-Iran ont \u00e9t\u00e9 tu\u00e9s dimanche 12 novembre dans des frappes am\u00e9ricaines sur l\u2019est de la Syrie. Cela faisait suite \u00e0 des attaques sur des personnels militaires am\u00e9ricains d\u00e9ploy\u00e9s dans la r\u00e9gion.<\/p>\n\n\n\n<p> Sur fond de guerre \u00e0 Gaza, comment interpr\u00e9ter ces \u00e9v\u00e8nements ?<\/p>\n\n\n\n<p>Thomas Pierret : Cela n\u2019a pas commenc\u00e9 le 7 octobre. La Syrie est un terrain sur lequel on r\u00e8gle des comptes entre l\u2019Iran d\u2019un c\u00f4t\u00e9 et, de l\u2019autre Isra\u00ebl, et les \u00c9tats-Unis. Il y a actuellement une intensification des attaques contre les bases am\u00e9ricaines et des ripostes men\u00e9es par les \u00c9tats-Unis et Isra\u00ebl. <\/p>\n\n\n\n<p>C\u2019est une configuration qui s\u2019est impos\u00e9e au cours de la d\u00e9cennie \u00e9coul\u00e9e. Sur fond de conflit en Syrie, on fait passer des messages \u2013 des messages violents \u2013 \u00e0 l\u2019adversaire. <\/p>\n\n\n\n<p>Ce qui caract\u00e9rise le terrain syrien, c&rsquo;est que le d\u00e9ploiement des uns et des autres est relativement limit\u00e9. Les frappes visent toujours des objectifs militaires par ailleurs, ce qui limite le risque d\u2019escalade.<\/p>\n\n\n\n<p>Des groupes pro-Iran sont actifs en Syrie. Et au Liban, le Hezbollah, lui aussi alli\u00e9 de T\u00e9h\u00e9ran, est engag\u00e9e dans une confrontation dangereuse avec Isra\u00ebl. <\/p>\n\n\n\n<p>Le Hezbollah et d\u2019autres groupes install\u00e9s au sud-Liban tirent des roquettes en direction du territoire isra\u00e9lien, l\u2019arm\u00e9e de l\u2019\u00c9tat h\u00e9breu r\u00e9plique, il y a des victimes de part et d\u2019autre\u2026 <\/p>\n\n\n\n<p>Quels sont les risques ?<\/p>\n\n\n\n<p>Depuis le d\u00e9but de la guerre, le chef du Hezbollah, Hassan Nasrallah, a prononc\u00e9 deux discours qui t\u00e9moignent de sa volont\u00e9 d\u2019\u00e9viter une escalade majeure. Il a une sorte d\u2019obligation politique \u00e0 participer au conflit puisque le Hezbollah se pr\u00e9sente depuis des d\u00e9cennies comme le champion de la cause palestinienne.<\/p>\n\n\n\n<p> Donc il se doit de faire quelque chose mais avec la crainte d\u2019une r\u00e9ponse qui a \u00e9t\u00e9 assez clairement formul\u00e9e par Isra\u00ebl sur le th\u00e8me \u00ab si vous intervenez massivement dans le conflit, nous d\u00e9truirons Beyrouth \u00bb, ce que le Hezbollah cherche \u00e0 \u00e9viter.<\/p>\n\n\n\n<p>Au Liban, beaucoup de forces politiques \u2013 m\u00eame ayant de la sympathie pour les Palestiniens \u2013 estiment qu\u2019on ne peut pas pr\u00e9cipiter le Liban dans l\u2019ab\u00eeme pour maintenir le statut de l\u2019Iran comme d\u00e9fenseur de la cause palestinienne.C\u2019est cela qui est en jeu ?<\/p>\n\n\n\n<p>Oui, car tout le discours de la R\u00e9publique islamique s\u2019est construit autour de cette pr\u00e9tention \u00e0 incarner la d\u00e9fense de la cause palestinienne.<\/p>\n\n\n\n<p> D\u2019o\u00f9 cette contradiction dans laquelle est prise l\u2019Iran, qui doit s\u2019impliquer tout en \u00e9vitant une escalade majeure pour laquelle il n\u2019est pas vraiment pr\u00e9par\u00e9. <\/p>\n\n\n\n<p>Jusque-l\u00e0, sa strat\u00e9gie est celle du harc\u00e8lement, pas celle d\u2019un conflit sym\u00e9trique dans lequel Isra\u00ebl a l\u2019avantage.<\/p>\n","protected":false},"excerpt":{"rendered":"<p>Frappes am\u00e9ricaines sur des groupes pro-Iran en Syrie, \u00e9changes de tirs \u00e0 la fronti\u00e8re Isra\u00ebl-Liban\u2026 La guerre \u00e0 Gaza risque-t-elle<\/p>\n","protected":false},"author":1,"featured_media":25087,"comment_status":"open","ping_status":"open","sticky":false,"template":"","format":"standard","meta":{"footnotes":""},"categories":[51],"tags":[],"class_list":["post-25086","post","type-post","status-publish","format-standard","has-post-thumbnail","hentry","category-general"],"_links":{"self":[{"href":"https:\/\/dekkbi.com\/index.php?rest_route=\/wp\/v2\/posts\/25086","targetHints":{"allow":["GET"]}}],"collection":[{"href":"https:\/\/dekkbi.com\/index.php?rest_route=\/wp\/v2\/posts"}],"about":[{"href":"https:\/\/dekkbi.com\/index.php?rest_route=\/wp\/v2\/types\/post"}],"author":[{"embeddable":true,"href":"https:\/\/dekkbi.com\/index.php?rest_route=\/wp\/v2\/users\/1"}],"replies":[{"embeddable":true,"href":"https:\/\/dekkbi.com\/index.php?rest_route=%2Fwp%2Fv2%2Fcomments&post=25086"}],"version-history":[{"count":1,"href":"https:\/\/dekkbi.com\/index.php?rest_route=\/wp\/v2\/posts\/25086\/revisions"}],"predecessor-version":[{"id":25088,"href":"https:\/\/dekkbi.com\/index.php?rest_route=\/wp\/v2\/posts\/25086\/revisions\/25088"}],"wp:featuredmedia":[{"embeddable":true,"href":"https:\/\/dekkbi.com\/index.php?rest_route=\/wp\/v2\/media\/25087"}],"wp:attachment":[{"href":"https:\/\/dekkbi.com\/index.php?rest_route=%2Fwp%2Fv2%2Fmedia&parent=25086"}],"wp:term":[{"taxonomy":"category","embeddable":true,"href":"https:\/\/dekkbi.com\/index.php?rest_route=%2Fwp%2Fv2%2Fcategories&post=25086"},{"taxonomy":"post_tag","embeddable":true,"href":"https:\/\/dekkbi.com\/index.php?rest_route=%2Fwp%2Fv2%2Ftags&post=25086"}],"curies":[{"name":"wp","href":"https:\/\/api.w.org\/{rel}","templated":true}]}}