{"id":25062,"date":"2023-11-14T09:57:49","date_gmt":"2023-11-14T09:57:49","guid":{"rendered":"https:\/\/dekkbi.com\/?p=25062"},"modified":"2023-11-14T09:57:50","modified_gmt":"2023-11-14T09:57:50","slug":"lettre-fuitee-sur-letat-de-sante-de-sonko-2-cadres-de-ladministration-penitentiaires-ecroues","status":"publish","type":"post","link":"https:\/\/dekkbi.com\/?p=25062","title":{"rendered":"Lettre fuit\u00e9e sur l&rsquo;\u00e9tat de sant\u00e9 de Sonko &#8211; 2 cadres de l&rsquo;administration p\u00e9nitentiaires \u00e9crou\u00e9s"},"content":{"rendered":"\n<p>Les deux cadres de l\u2019administration p\u00e9nitentiaire arr\u00eat\u00e9s dans le cadre de l\u2019enqu\u00eate sur la fuite de la lettre sur l\u2019\u00e9tat de sant\u00e9 d\u2019Ousmane Sonko, ont \u00e9t\u00e9 plac\u00e9s sous mandat de d\u00e9p\u00f4t. Il s\u2019agit de l\u2019Inspecteur Idrissa Sow, directeur des affaires juridiques, de la planification et des statistiques et de l\u2019adjudant Issa Ndione.<\/p>\n\n\n\n<p>Deux gardes p\u00e9nitentiaires derri\u00e8re les barreaux.. Il s\u2019agit de l\u2019Inspecteur Idrissa Sow, directeur des affaires juridiques, de la planification et des statistiques, et de l\u2019adjudant Issa Ndione arr\u00eat\u00e9s depuis le 7 novembre 2023. <\/p>\n\n\n\n<p>Ils ont \u00e9t\u00e9 plac\u00e9s sous mandat de d\u00e9p\u00f4t ce lundi 13 novembre 2023 par le juge du deuxi\u00e8me cabinet d&rsquo;instruction du tribunal de grande instance de Dakar. Ils sont \u00e9crou\u00e9s pour violation du secret professionnel, d\u00e9tournement de donn\u00e9es \u00e0 caract\u00e8re personnel et actes et man\u0153uvres de nature \u00e0 compromettre la s\u00e9curit\u00e9 publique.<\/p>\n\n\n\n<p>On se rappelle qu\u2019une correspondance du directeur de l\u2019Administration p\u00e9nitentiaire adress\u00e9e au ministre de la Justice et rendant compte de l\u2019\u00e9tat de sant\u00e9 de Ousmane Sonko, s\u2019est retrouv\u00e9e sur les r\u00e9seaux sociaux. Le document a \u00e9t\u00e9 largement comment\u00e9 par Juan Branco, un des avocats du pr\u00e9sident de Pastef.<\/p>\n\n\n\n<p>Dans le cadre de l\u2019enqu\u00eate pour d\u00e9terminer l\u2019origine et les auteurs de la fuite, Amadou Ba de Pastef et Fatoumata Bintou Kane avaient \u00e9t\u00e9 arr\u00eat\u00e9s. Ils ont \u00e9t\u00e9 plac\u00e9s sous contr\u00f4le judiciaire.<\/p>\n","protected":false},"excerpt":{"rendered":"<p>Les deux cadres de l\u2019administration p\u00e9nitentiaire arr\u00eat\u00e9s dans le cadre de l\u2019enqu\u00eate sur la fuite de la lettre sur l\u2019\u00e9tat<\/p>\n","protected":false},"author":1,"featured_media":25063,"comment_status":"open","ping_status":"open","sticky":false,"template":"","format":"standard","meta":{"footnotes":""},"categories":[26],"tags":[],"class_list":["post-25062","post","type-post","status-publish","format-standard","has-post-thumbnail","hentry","category-fait-divers"],"_links":{"self":[{"href":"https:\/\/dekkbi.com\/index.php?rest_route=\/wp\/v2\/posts\/25062","targetHints":{"allow":["GET"]}}],"collection":[{"href":"https:\/\/dekkbi.com\/index.php?rest_route=\/wp\/v2\/posts"}],"about":[{"href":"https:\/\/dekkbi.com\/index.php?rest_route=\/wp\/v2\/types\/post"}],"author":[{"embeddable":true,"href":"https:\/\/dekkbi.com\/index.php?rest_route=\/wp\/v2\/users\/1"}],"replies":[{"embeddable":true,"href":"https:\/\/dekkbi.com\/index.php?rest_route=%2Fwp%2Fv2%2Fcomments&post=25062"}],"version-history":[{"count":1,"href":"https:\/\/dekkbi.com\/index.php?rest_route=\/wp\/v2\/posts\/25062\/revisions"}],"predecessor-version":[{"id":25064,"href":"https:\/\/dekkbi.com\/index.php?rest_route=\/wp\/v2\/posts\/25062\/revisions\/25064"}],"wp:featuredmedia":[{"embeddable":true,"href":"https:\/\/dekkbi.com\/index.php?rest_route=\/wp\/v2\/media\/25063"}],"wp:attachment":[{"href":"https:\/\/dekkbi.com\/index.php?rest_route=%2Fwp%2Fv2%2Fmedia&parent=25062"}],"wp:term":[{"taxonomy":"category","embeddable":true,"href":"https:\/\/dekkbi.com\/index.php?rest_route=%2Fwp%2Fv2%2Fcategories&post=25062"},{"taxonomy":"post_tag","embeddable":true,"href":"https:\/\/dekkbi.com\/index.php?rest_route=%2Fwp%2Fv2%2Ftags&post=25062"}],"curies":[{"name":"wp","href":"https:\/\/api.w.org\/{rel}","templated":true}]}}