{"id":25037,"date":"2023-11-13T13:21:24","date_gmt":"2023-11-13T13:21:24","guid":{"rendered":"https:\/\/dekkbi.com\/?p=25037"},"modified":"2023-11-13T13:21:26","modified_gmt":"2023-11-13T13:21:26","slug":"marche-contre-lantisemitisme-en-france-une-image-dunite-qui-cache-de-profondes-divisions-politiques","status":"publish","type":"post","link":"https:\/\/dekkbi.com\/?p=25037","title":{"rendered":"Marche contre l&rsquo;antis\u00e9mitisme en France: une image d&rsquo;unit\u00e9 qui cache de profondes divisions politiques"},"content":{"rendered":"\n<p>Plus de 180 000 personnes dans tout le pays, 105 000 personnes selon la police dans les rues de Paris hier \u00e0 l\u2019appel des pr\u00e9sidents des deux chambres du Parlement pour dire non \u00e0 l\u2019antis\u00e9mitisme. Alors que les actes de haines contre les juifs ont explos\u00e9 ces derni\u00e8res semaines. Une mobilisation r\u00e9ussie apr\u00e8s une petite semaine de pol\u00e9mique d\u00e9clench\u00e9e par la participation de l\u2019extr\u00eame droite \u00e0 cette marche.<\/p>\n\n\n\n<p>Les autorit\u00e9s peuvent \u00eatre soulag\u00e9es. La manifestation parisienne contre l&rsquo;antis\u00e9mitisme s&rsquo;est d\u00e9roul\u00e9e dans le calme. La marche avait \u00e9t\u00e9 plac\u00e9e sous haute s\u00e9curit\u00e9 avec le d\u00e9ploiement de 3&nbsp;000 policiers et gendarmes. Mais aucun incident majeur \u00e0 d\u00e9plorer. Et les citoyens ont fait le d\u00e9placement en nombre, il n\u2019y avait pas que des politiques dans le cort\u00e8ge. 105&nbsp;000 manifestants, selon la police. Cela faisait tr\u00e8s longtemps, depuis 1990, que les Fran\u00e7ais ne s\u2019\u00e9taient pas autant mobilis\u00e9s contre l&rsquo;antis\u00e9mitisme. L\u2019ancien pr\u00e9sident Fran\u00e7ois Hollande, qui \u00e9tait derri\u00e8re la banderole, en t\u00eate de cort\u00e8ge, \u00e0 c\u00f4t\u00e9 de la Premi\u00e8re ministre parle d\u2019un succ\u00e8s populaire.<\/p>\n\n\n\n<p><em>\u00ab&nbsp;Ce qui \u00e9tait important c\u2019est cette mobilisation populaire,&nbsp;<\/em>confie l\u2019ancien chef de l\u2019\u00c9tat<em>, que les Fran\u00e7aises et les Fran\u00e7ais aient compris ce qui \u00e9tait le sens de cette manifestation, une manifestation profond\u00e9ment r\u00e9publicaine.&nbsp;\u00bb<\/em><\/p>\n\n\n\n<h2 class=\"wp-block-heading\">L\u2019absence critiqu\u00e9e d\u2019Emmanuel Macron et Jean-Luc M\u00e9lenchon<\/h2>\n\n\n\n<p>Mais on retiendra surtout de cette marche que les forces politiques ont \u00e9t\u00e9 incapables de mettre de c\u00f4t\u00e9 leurs divisions. Et ce, jusqu\u2019au bout. Avec deux absences remarqu\u00e9es, comment\u00e9es, critiqu\u00e9es. Celle du pr\u00e9sident de la R\u00e9publique d&rsquo;abord. Emmanuel Macron, qui a pr\u00e9f\u00e9r\u00e9 \u00e9crire une lettre aux Fran\u00e7ais samedi soir plut\u00f4t que descendre dans la rue. Et puis surtout celle de Jean-Luc M\u00e9lenchon et des Insoumis qui tr\u00e8s t\u00f4t avaient annonc\u00e9 qu\u2019ils ne participeraient pas \u00e0 une initiative organis\u00e9e par Y\u00e4el Braun-Pivet, jug\u00e9e pro-isra\u00e9lienne. La pr\u00e9sidente de l\u2019Assembl\u00e9e nationale lui a r\u00e9pondu hier \u00e0 l\u2019arriv\u00e9e de la marche au S\u00e9nat&nbsp;:&nbsp;<em>\u00ab&nbsp;Les attaques de Jean-Luc M\u00e9lenchon, il est en train de tout salir aujourd\u2019hui&nbsp;\u00bb.<\/em>&nbsp;On avait rarement entendu des mots si durs d&rsquo;un membre de la majorit\u00e9 envers le leader insoumis.<\/p>\n\n\n\n<h2 class=\"wp-block-heading\">Un \u00ab&nbsp;<em>moment de v\u00e9rit\u00e9&nbsp;\u00bb<\/em>&nbsp;pour le Rassemblement national<\/h2>\n\n\n\n<p>Les Insoumis qui ont aussi justifi\u00e9 leur absence par la pr\u00e9sence de l\u2019extr\u00eame-droite et du Rassemblement national dans le cort\u00e8ge. Marine Le Pen et Jordan Bardella chahut\u00e9s au d\u00e9but du parcours par des militants d\u2019un collectif juif de gauche mais qui ont pu participer \u00e0 la marche jusqu\u2019au bout, \u00e0 l&rsquo;arri\u00e8re du cort\u00e8ge. Malgr\u00e9 les critiques, malgr\u00e9 l\u2019opposition de la gauche et d\u2019une partie de la majorit\u00e9. Le pr\u00e9sident du Rassemblement national a parl\u00e9 d&rsquo;un \u00ab\u00a0<em>moment de v\u00e9rit\u00e9\u00a0<\/em>\u00bb, ce matin chez nos confr\u00e8res de RTL. Et c\u2019est peut-\u00eatre le principal enseignement politique de cette s\u00e9quence : en r\u00e9ussissant \u00e0 s\u2019associer \u00e0 cette marche r\u00e9publicaine malgr\u00e9 son pass\u00e9, malgr\u00e9 les d\u00e9rapages antis\u00e9mites de son fondateur, Jean-Marie Le Pen, le RN renforce encore un peu plus son image de parti comme les autres. Quand les Insoumis apparaissent de plus en plus isol\u00e9.<\/p>\n\n\n\n<p>SOURCE RFI<\/p>\n","protected":false},"excerpt":{"rendered":"<p>Plus de 180 000 personnes dans tout le pays, 105 000 personnes selon la police dans les rues de Paris<\/p>\n","protected":false},"author":1,"featured_media":25038,"comment_status":"open","ping_status":"open","sticky":false,"template":"","format":"standard","meta":{"footnotes":""},"categories":[51],"tags":[],"class_list":["post-25037","post","type-post","status-publish","format-standard","has-post-thumbnail","hentry","category-general"],"_links":{"self":[{"href":"https:\/\/dekkbi.com\/index.php?rest_route=\/wp\/v2\/posts\/25037","targetHints":{"allow":["GET"]}}],"collection":[{"href":"https:\/\/dekkbi.com\/index.php?rest_route=\/wp\/v2\/posts"}],"about":[{"href":"https:\/\/dekkbi.com\/index.php?rest_route=\/wp\/v2\/types\/post"}],"author":[{"embeddable":true,"href":"https:\/\/dekkbi.com\/index.php?rest_route=\/wp\/v2\/users\/1"}],"replies":[{"embeddable":true,"href":"https:\/\/dekkbi.com\/index.php?rest_route=%2Fwp%2Fv2%2Fcomments&post=25037"}],"version-history":[{"count":1,"href":"https:\/\/dekkbi.com\/index.php?rest_route=\/wp\/v2\/posts\/25037\/revisions"}],"predecessor-version":[{"id":25039,"href":"https:\/\/dekkbi.com\/index.php?rest_route=\/wp\/v2\/posts\/25037\/revisions\/25039"}],"wp:featuredmedia":[{"embeddable":true,"href":"https:\/\/dekkbi.com\/index.php?rest_route=\/wp\/v2\/media\/25038"}],"wp:attachment":[{"href":"https:\/\/dekkbi.com\/index.php?rest_route=%2Fwp%2Fv2%2Fmedia&parent=25037"}],"wp:term":[{"taxonomy":"category","embeddable":true,"href":"https:\/\/dekkbi.com\/index.php?rest_route=%2Fwp%2Fv2%2Fcategories&post=25037"},{"taxonomy":"post_tag","embeddable":true,"href":"https:\/\/dekkbi.com\/index.php?rest_route=%2Fwp%2Fv2%2Ftags&post=25037"}],"curies":[{"name":"wp","href":"https:\/\/api.w.org\/{rel}","templated":true}]}}