{"id":25013,"date":"2023-11-13T12:25:52","date_gmt":"2023-11-13T12:25:52","guid":{"rendered":"https:\/\/dekkbi.com\/?p=25013"},"modified":"2023-11-13T12:25:53","modified_gmt":"2023-11-13T12:25:53","slug":"saint-louis-une-subvention-et-du-materiel-de-sensibilisation-sur-la-preservation-du-patrimoine-routier","status":"publish","type":"post","link":"https:\/\/dekkbi.com\/?p=25013","title":{"rendered":"Saint-Louis : une subvention et du mat\u00e9riel de sensibilisation sur la pr\u00e9servation du patrimoine routier"},"content":{"rendered":"\n<p>Saint-Louis,  (APS) \u2013 Le directeur g\u00e9n\u00e9ral du Fonds d\u2019entretien routier autonome (FERA), Pape Ibrahima Faye, a remis une subvention et des supports de communication destin\u00e9s \u00e0 la sensibilisation sur la pr\u00e9servation du patrimoine routier au mouvement Nav\u00e9tane de saint-Louis, \u00e0 constat\u00e9 l\u2019APS.<\/p>\n\n\n\n<p>\u2018\u2019La c\u00e9r\u00e9monie qui nous r\u00e9unit consiste \u00e0 remettre une subvention au mouvement nav\u00e9tane local. Je pense qu\u2019on ne peut pas trouver meilleure cible que les nav\u00e9tanes pour porter un message. En tant que fils de Saint-Louis, je vais accompagner le mouvement nav\u00e9tane\u2019\u00b4, a-t-il d\u00e9clar\u00e9,&nbsp; dimanche soir lors de la c\u00e9r\u00e9monie de remise du don.<\/p>\n\n\n\n<p>Un ch\u00e8que de quatre millions de francs CFA, destin\u00e9 \u00e0 l\u2019Organisme d\u00e9partemental de coordination des activit\u00e9s de vacances (ODCAV) de Saint-Louis et aux diff\u00e9rentes zones, a \u00e9t\u00e9 remis au pr\u00e9sident de l\u2019ODCAV, Mamadou B\u00e2.<\/p>\n\n\n\n<p>M. Faye a \u00e9galement profit\u00e9 de cette rencontre pour annoncer la r\u00e9habilitation prochaine de la route menant vers le stade Mawade Wade de Saint-Louis.<\/p>\n\n\n\n<p>La c\u00e9r\u00e9monie a vu la pr\u00e9sence du repr\u00e9sentant du ministre des Infrastructures, des Transports terrestres et du D\u00e9senclavement, Cheikh Seck, ainsi que celle des 12 pr\u00e9sidents des zones de Saint-Louis.<\/p>\n\n\n\n<p>L\u2019inspecteur d\u00e9partemental des sports de Saint-Louis, Pape Samba Ly, a magnifi\u00e9 le geste du donateur.<\/p>\n\n\n\n<p>L\u2019ODCAV de Saint-Louis est compos\u00e9 de 140 associations sportives et culturelles (ASC) r\u00e9parties en 12 zones.<\/p>\n\n\n\n<p>CGD\/AMD\/ASG<\/p>\n","protected":false},"excerpt":{"rendered":"<p>Saint-Louis, (APS) \u2013 Le directeur g\u00e9n\u00e9ral du Fonds d\u2019entretien routier autonome (FERA), Pape Ibrahima Faye, a remis une subvention et<\/p>\n","protected":false},"author":1,"featured_media":25014,"comment_status":"open","ping_status":"open","sticky":false,"template":"","format":"standard","meta":{"footnotes":""},"categories":[9],"tags":[],"class_list":["post-25013","post","type-post","status-publish","format-standard","has-post-thumbnail","hentry","category-sports"],"_links":{"self":[{"href":"https:\/\/dekkbi.com\/index.php?rest_route=\/wp\/v2\/posts\/25013","targetHints":{"allow":["GET"]}}],"collection":[{"href":"https:\/\/dekkbi.com\/index.php?rest_route=\/wp\/v2\/posts"}],"about":[{"href":"https:\/\/dekkbi.com\/index.php?rest_route=\/wp\/v2\/types\/post"}],"author":[{"embeddable":true,"href":"https:\/\/dekkbi.com\/index.php?rest_route=\/wp\/v2\/users\/1"}],"replies":[{"embeddable":true,"href":"https:\/\/dekkbi.com\/index.php?rest_route=%2Fwp%2Fv2%2Fcomments&post=25013"}],"version-history":[{"count":1,"href":"https:\/\/dekkbi.com\/index.php?rest_route=\/wp\/v2\/posts\/25013\/revisions"}],"predecessor-version":[{"id":25015,"href":"https:\/\/dekkbi.com\/index.php?rest_route=\/wp\/v2\/posts\/25013\/revisions\/25015"}],"wp:featuredmedia":[{"embeddable":true,"href":"https:\/\/dekkbi.com\/index.php?rest_route=\/wp\/v2\/media\/25014"}],"wp:attachment":[{"href":"https:\/\/dekkbi.com\/index.php?rest_route=%2Fwp%2Fv2%2Fmedia&parent=25013"}],"wp:term":[{"taxonomy":"category","embeddable":true,"href":"https:\/\/dekkbi.com\/index.php?rest_route=%2Fwp%2Fv2%2Fcategories&post=25013"},{"taxonomy":"post_tag","embeddable":true,"href":"https:\/\/dekkbi.com\/index.php?rest_route=%2Fwp%2Fv2%2Ftags&post=25013"}],"curies":[{"name":"wp","href":"https:\/\/api.w.org\/{rel}","templated":true}]}}