{"id":24971,"date":"2023-11-12T13:19:48","date_gmt":"2023-11-12T13:19:48","guid":{"rendered":"https:\/\/dekkbi.com\/?p=24971"},"modified":"2023-11-12T13:19:49","modified_gmt":"2023-11-12T13:19:49","slug":"loms-a-perdu-le-contact-avec-lhopital-al-shifa-encercle-par-larmee-israelienne","status":"publish","type":"post","link":"https:\/\/dekkbi.com\/?p=24971","title":{"rendered":"L&rsquo;OMS a \u00ab\u00a0perdu le contact\u00a0\u00bb avec l&rsquo;h\u00f4pital al-Shifa, \u00ab\u00a0encercl\u00e9\u00a0\u00bb par l&rsquo;arm\u00e9e isra\u00e9lienne"},"content":{"rendered":"\n<p>Le directeur de l&rsquo;Organisation mondiale de la Sant\u00e9 (OMS), Tedros Adhanom Ghebreyesus, s&rsquo;est alarm\u00e9, t\u00f4t dimanche matin, d&rsquo;avoir \u00ab\u00a0perdu le contact\u00a0\u00bb avec l&rsquo;h\u00f4pital al-Shifa, le plus grand de Gaza-ville. Le Premier ministre isra\u00e9lien, Benjamin Netanyahu, a fait savoir qu&rsquo;il souhaitait \u00ab\u00a0autre chose\u00a0\u00bb que l&rsquo;Autorit\u00e9 palestinienne \u00e0 Gaza, au sortir de la guerre. <\/p>\n\n\n\n<p>09H11&Prime;TRAG\u00c9DIE\u00a0\u00bb<\/p>\n\n\n\n<p>Une agence onusienne annonce un \u00ab\u00a0nombre important de morts\u00a0\u00bb dans une frappe sur son si\u00e8ge \u00e0 Gaza.<\/p>\n\n\n\n<p>Le Programme des Nations unies pour le d\u00e9veloppement (PNUD) a annonc\u00e9 \u00ab\u00a0un nombre important de morts et de bless\u00e9s\u00a0\u00bb dans le \u00ab\u00a0bombardement\u00a0\u00bb tard, hier, samedi de son si\u00e8ge dans la ville de Gaza. <\/p>\n\n\n\n<p>Le b\u00e2timent a \u00e9t\u00e9 \u00e9vacu\u00e9 par ses employ\u00e9s et est d\u00e9sormais occup\u00e9 par des centaines de d\u00e9plac\u00e9s palestiniens. \u00ab\u00a0La trag\u00e9die en cours des morts et des bless\u00e9s civils pris au pi\u00e8ge de ce conflit (&#8230;) doit cesser, a indiqu\u00e9 le PNUD dans un communiqu\u00e9. <\/p>\n\n\n\n<p>Les civils, les infrastructures civiles et l&rsquo;inviolabilit\u00e9 des locaux de l&rsquo;ONU doivent \u00eatre respect\u00e9s et prot\u00e9g\u00e9s en tout temps.<\/p>\n\n\n\n<p>\u00ab\u00a0Des images de l&rsquo;AFPTV montrent \u00e9galement dimanche un crat\u00e8re au milieu de la cour d&rsquo;une \u00e9cole g\u00e9r\u00e9e par l&rsquo;agence de l&rsquo;ONU pour les r\u00e9fugi\u00e9s palestiniens (Unrwa) \u00e0 Beit Lahia, dans le nord de la bande de Gaza.<\/p>\n\n\n\n<p>L&rsquo;\u00e9tablissement a \u00e9t\u00e9 vis\u00e9 alors que des milliers de d\u00e9plac\u00e9s s&rsquo;y sont install\u00e9s apr\u00e8s cinq semaines de bombardements sans r\u00e9pit.<\/p>\n","protected":false},"excerpt":{"rendered":"<p>Le directeur de l&rsquo;Organisation mondiale de la Sant\u00e9 (OMS), Tedros Adhanom Ghebreyesus, s&rsquo;est alarm\u00e9, t\u00f4t dimanche matin, d&rsquo;avoir \u00ab\u00a0perdu le<\/p>\n","protected":false},"author":1,"featured_media":24972,"comment_status":"open","ping_status":"open","sticky":false,"template":"","format":"standard","meta":{"footnotes":""},"categories":[51],"tags":[],"class_list":["post-24971","post","type-post","status-publish","format-standard","has-post-thumbnail","hentry","category-general"],"_links":{"self":[{"href":"https:\/\/dekkbi.com\/index.php?rest_route=\/wp\/v2\/posts\/24971","targetHints":{"allow":["GET"]}}],"collection":[{"href":"https:\/\/dekkbi.com\/index.php?rest_route=\/wp\/v2\/posts"}],"about":[{"href":"https:\/\/dekkbi.com\/index.php?rest_route=\/wp\/v2\/types\/post"}],"author":[{"embeddable":true,"href":"https:\/\/dekkbi.com\/index.php?rest_route=\/wp\/v2\/users\/1"}],"replies":[{"embeddable":true,"href":"https:\/\/dekkbi.com\/index.php?rest_route=%2Fwp%2Fv2%2Fcomments&post=24971"}],"version-history":[{"count":1,"href":"https:\/\/dekkbi.com\/index.php?rest_route=\/wp\/v2\/posts\/24971\/revisions"}],"predecessor-version":[{"id":24973,"href":"https:\/\/dekkbi.com\/index.php?rest_route=\/wp\/v2\/posts\/24971\/revisions\/24973"}],"wp:featuredmedia":[{"embeddable":true,"href":"https:\/\/dekkbi.com\/index.php?rest_route=\/wp\/v2\/media\/24972"}],"wp:attachment":[{"href":"https:\/\/dekkbi.com\/index.php?rest_route=%2Fwp%2Fv2%2Fmedia&parent=24971"}],"wp:term":[{"taxonomy":"category","embeddable":true,"href":"https:\/\/dekkbi.com\/index.php?rest_route=%2Fwp%2Fv2%2Fcategories&post=24971"},{"taxonomy":"post_tag","embeddable":true,"href":"https:\/\/dekkbi.com\/index.php?rest_route=%2Fwp%2Fv2%2Ftags&post=24971"}],"curies":[{"name":"wp","href":"https:\/\/api.w.org\/{rel}","templated":true}]}}