{"id":24940,"date":"2023-11-12T12:05:24","date_gmt":"2023-11-12T12:05:24","guid":{"rendered":"https:\/\/dekkbi.com\/?p=24940"},"modified":"2023-11-12T12:05:24","modified_gmt":"2023-11-12T12:05:24","slug":"maladies-dans-le-secteur-agro-alimentaire-cas-negliges","status":"publish","type":"post","link":"https:\/\/dekkbi.com\/?p=24940","title":{"rendered":"Maladies dans le secteur agro-alimentaire : CAS N\u00c9GLIG\u00c9S"},"content":{"rendered":"\n<p>Si les accidents de travail et les maladies professionnelles provoqu\u00e9s par les industries agroalimentaires sont r\u00e9els sans \u00eatre alarmants, ils ne sont pas par contre d\u00e9clar\u00e9s au niveau de la Caisse de s\u00e9curit\u00e9 sociale. Seuls 10% des cas le sont\u2026<\/p>\n\n\n\n<p>Par Justin GOMIS \u2013 Les accidents de travail, les maladies professionnelles existent bel et bien dans les industries nationales. Et, ils sont imput\u00e9s aux entreprises agroalimentaires implant\u00e9es dans le pays. <\/p>\n\n\n\n<p>\u00abNous sommes \u00e0 moins de 10% d\u2019accidents de travail, de maladies professionnelles d\u00e9\u00adclar\u00e9s \u00e0 la Caisse de s\u00e9curit\u00e9 so\u00adciale qui nous proviennent des industries agroalimentaires\u00bb, a dit Marie Diallo, directrice de la Pr\u00e9vention et des risques \u00e0 la Caisse de s\u00e9curit\u00e9 sociale.<\/p>\n\n\n\n<p>Et m\u00eame si ce chiffre n\u2019est pas alar\u00admant, il reste cependant assez \u00e9lev\u00e9. \u00abOn se dit que m\u00eame si c\u2019est 0, 001%, c\u2019est un pour\u00adcen\u00ad\u00adtage de trop parce que nous visons z\u00e9ro accident, z\u00e9ro maladie professionnelle dans l\u2019industrie et dans tous les domaines au S\u00e9n\u00e9gal\u00bb, a-t-elle fait savoir.<\/p>\n\n\n\n<p>Le Comit\u00e9 sectoriel m\u00e8ne \u00e0 travers le S\u00e9n\u00e9gal, des activit\u00e9s dans ce sens avec les entreprises du secteur qui sont engag\u00e9es aux c\u00f4t\u00e9s de la Caisse de s\u00e9curit\u00e9 sociale, aux c\u00f4t\u00e9s de l\u2019Inspection du travail, a-t-elle indiqu\u00e9, suite \u00e0 la pr\u00e9sentation d\u2019une activit\u00e9 scientifique sur les bonnes pratiques en mati\u00e8re de s\u00e9curit\u00e9 sant\u00e9 au travail.<\/p>\n\n\n\n<p>Cette \u00e9tude scientifique tr\u00e8s rigoureuse \u00abm\u00e9rite d\u2019\u00eatre vulgaris\u00e9e aupr\u00e8s des entreprises agroalimentaires pour pouvoir les aider \u00e0 asseoir une bonne politique de pr\u00e9vention\u00bb, a dit la directrice de la Pr\u00e9vention et des risques \u00e0 la Css.<\/p>\n\n\n\n<p> Selon elle, \u00abcette activit\u00e9 phare entre dans le cadre du plan d\u2019actions du Comit\u00e9 de politique sectorielle des industries agroalimentaires\u00bb. Mais, au niveau de la Caisse de s\u00e9curit\u00e9  sociale, la bataille se m\u00e8ne par la sensibilisation. \u00abUne de nos missions principales concerne la sensibilisation. Nous travaillons sur le contr\u00f4le du respect de l\u2019alimentation, sur la formation des travailleurs et employeurs, mais \u00e9galement sur la sensibilisation. <\/p>\n\n\n\n<p>Tout changement am\u00e8ne quelques restrictions\u00bb, a indiqu\u00e9 Marie Diallo. Car c\u2019est l\u2019individu qui est au c\u0153ur des actions de la Css, \u00abnous ne cessons de fournir des efforts pour impl\u00e9menter le r\u00e9flexe de s\u00e9curit\u00e9 \u00e0 tous les niveaux. <\/p>\n\n\n\n<p>C\u2019est d\u2019ailleurs dans ce cadre que s\u2019inscrit un grand projet que nous menons avec toutes les entreprises du S\u00e9n\u00e9gal, mais avec le milieu de la formation professionnelle et technique, pour que le r\u00e9flexe s\u00e9curit\u00e9 puisse s\u2019impl\u00e9menter le plus t\u00f4t possible chez l\u2019individu, afin que ce genre de restriction-l\u00e0 soit en milieu professionnel\u00bb, a-t-elle ajout\u00e9.<\/p>\n\n\n\n<p>Pape Abdoulaye Djigal, pr\u00e9sident du Comit\u00e9 technique sectoriel des industries agroalimentaires, explique : \u00abQue ce soit dans le secteur formel ou informel, toute la d\u00e9marche est de faire en sorte qu\u2019il y ait un consensus autour du travail de fonctionnement, une approche responsable sur ces enjeux, de faire en sorte que ces comit\u00e9s d\u2019hygi\u00e8ne et de s\u00e9curit\u00e9 soient l\u00e9gion partout et que la protection puisse \u00eatre assur\u00e9e.\u00bb<\/p>\n\n\n\n<p>Ainsi, il pense que la meilleure chose \u00e0 faire dans ce combat, c\u2019\u00abest de soutenir l\u2019action que m\u00e8ne aujourd\u2019hui le Comit\u00e9 de politique sectorielle, soutenir l\u2019action que m\u00e8ne les pouvoirs publics, soutenir l\u2019action de la r\u00e9glementation, l\u2019action de la l\u00e9gislation et de toutes les administrations qui sont l\u00e0 pour accompagner aussi bien l\u2019audit, le conseil que le contr\u00f4le, pour que les entreprises deviennent des lieux o\u00f9 on peut s\u2019appuyer sur des m\u00e9thodes qui r\u00e9ussirent pour am\u00e9liorer les conditions de travail, pour am\u00e9liorer la sant\u00e9 et la s\u00e9curit\u00e9 au travail\u00bb.<\/p>\n\n\n\n<p>En fait, ce que recherche la Direction de la pr\u00e9vention des risques professionnels, c\u2019est de faire en sorte que tout ce qui se passe dans les industries agroalimentaires \u00abfassent effet, tache d\u2019huile, qu\u2019on le retrouve dans l\u2019industrie d\u2019extraction, dans le p\u00e9trole et le gaz, dans tous les secteurs o\u00f9 il y a des S\u00e9n\u00e9galais qui gagnent leur vie et qui doivent le faire en toute s\u00e9curit\u00e9\u00bb, a-t-il dit.<\/p>\n\n\n\n<p>justin@lequotidien.sn<\/p>\n\n\n\n<p><\/p>\n","protected":false},"excerpt":{"rendered":"<p>Si les accidents de travail et les maladies professionnelles provoqu\u00e9s par les industries agroalimentaires sont r\u00e9els sans \u00eatre alarmants, ils<\/p>\n","protected":false},"author":1,"featured_media":24941,"comment_status":"open","ping_status":"open","sticky":false,"template":"","format":"standard","meta":{"footnotes":""},"categories":[3],"tags":[],"class_list":["post-24940","post","type-post","status-publish","format-standard","has-post-thumbnail","hentry","category-event-more-news"],"_links":{"self":[{"href":"https:\/\/dekkbi.com\/index.php?rest_route=\/wp\/v2\/posts\/24940","targetHints":{"allow":["GET"]}}],"collection":[{"href":"https:\/\/dekkbi.com\/index.php?rest_route=\/wp\/v2\/posts"}],"about":[{"href":"https:\/\/dekkbi.com\/index.php?rest_route=\/wp\/v2\/types\/post"}],"author":[{"embeddable":true,"href":"https:\/\/dekkbi.com\/index.php?rest_route=\/wp\/v2\/users\/1"}],"replies":[{"embeddable":true,"href":"https:\/\/dekkbi.com\/index.php?rest_route=%2Fwp%2Fv2%2Fcomments&post=24940"}],"version-history":[{"count":1,"href":"https:\/\/dekkbi.com\/index.php?rest_route=\/wp\/v2\/posts\/24940\/revisions"}],"predecessor-version":[{"id":24942,"href":"https:\/\/dekkbi.com\/index.php?rest_route=\/wp\/v2\/posts\/24940\/revisions\/24942"}],"wp:featuredmedia":[{"embeddable":true,"href":"https:\/\/dekkbi.com\/index.php?rest_route=\/wp\/v2\/media\/24941"}],"wp:attachment":[{"href":"https:\/\/dekkbi.com\/index.php?rest_route=%2Fwp%2Fv2%2Fmedia&parent=24940"}],"wp:term":[{"taxonomy":"category","embeddable":true,"href":"https:\/\/dekkbi.com\/index.php?rest_route=%2Fwp%2Fv2%2Fcategories&post=24940"},{"taxonomy":"post_tag","embeddable":true,"href":"https:\/\/dekkbi.com\/index.php?rest_route=%2Fwp%2Fv2%2Ftags&post=24940"}],"curies":[{"name":"wp","href":"https:\/\/api.w.org\/{rel}","templated":true}]}}