{"id":24909,"date":"2023-11-11T16:51:06","date_gmt":"2023-11-11T16:51:06","guid":{"rendered":"https:\/\/dekkbi.com\/?p=24909"},"modified":"2023-11-11T16:51:07","modified_gmt":"2023-11-11T16:51:07","slug":"pacte-de-paris-pour-les-peuples-et-la-planete-le-president-macky-sall-designe-envoye-special","status":"publish","type":"post","link":"https:\/\/dekkbi.com\/?p=24909","title":{"rendered":"Pacte de Paris pour les Peuples et la Plan\u00e8te: Le Pr\u00e9sident Macky Sall d\u00e9sign\u00e9 Envoy\u00e9 sp\u00e9cial"},"content":{"rendered":"\n<p>Le Pr\u00e9sident de la R\u00e9publique, Macky Sall, a \u00e9t\u00e9 d\u00e9sign\u00e9, ce 10 novembre, \u00e0 Paris, nouveau Envoy\u00e9 sp\u00e9cial du Pacte de Paris pour les Peuples et la Plan\u00e8te (4P).Le Pacte de Paris pour les Peuples et la Plan\u00e8te est un instrument de Lutte contre la pauvret\u00e9 et un dispositif de protection de la plan\u00e8te. Le Pacte cristallise bon nombre des pr\u00e9occupations et conjugue \u00e0 la fois des enjeux sociaux et environnementaux. Il se veut d\u2019apporter une vision globale et inclusive, \u00e0 travers une approche qui met en avant, le d\u00e9veloppement durable.Le pr\u00e9sident de la R\u00e9publique participe au Forum de Paris sur la paix dont les travaux portent cette ann\u00e9e, sur le th\u00e8me \u00ab suivi pour un nouveau pacte financier mondial de juin 2023 \u00bb.<\/p>\n\n\n\n<p>LESOLEIL<\/p>\n","protected":false},"excerpt":{"rendered":"<p>Le Pr\u00e9sident de la R\u00e9publique, Macky Sall, a \u00e9t\u00e9 d\u00e9sign\u00e9, ce 10 novembre, \u00e0 Paris, nouveau Envoy\u00e9 sp\u00e9cial du Pacte<\/p>\n","protected":false},"author":1,"featured_media":24910,"comment_status":"open","ping_status":"open","sticky":false,"template":"","format":"standard","meta":{"footnotes":""},"categories":[3],"tags":[],"class_list":["post-24909","post","type-post","status-publish","format-standard","has-post-thumbnail","hentry","category-event-more-news"],"_links":{"self":[{"href":"https:\/\/dekkbi.com\/index.php?rest_route=\/wp\/v2\/posts\/24909","targetHints":{"allow":["GET"]}}],"collection":[{"href":"https:\/\/dekkbi.com\/index.php?rest_route=\/wp\/v2\/posts"}],"about":[{"href":"https:\/\/dekkbi.com\/index.php?rest_route=\/wp\/v2\/types\/post"}],"author":[{"embeddable":true,"href":"https:\/\/dekkbi.com\/index.php?rest_route=\/wp\/v2\/users\/1"}],"replies":[{"embeddable":true,"href":"https:\/\/dekkbi.com\/index.php?rest_route=%2Fwp%2Fv2%2Fcomments&post=24909"}],"version-history":[{"count":1,"href":"https:\/\/dekkbi.com\/index.php?rest_route=\/wp\/v2\/posts\/24909\/revisions"}],"predecessor-version":[{"id":24911,"href":"https:\/\/dekkbi.com\/index.php?rest_route=\/wp\/v2\/posts\/24909\/revisions\/24911"}],"wp:featuredmedia":[{"embeddable":true,"href":"https:\/\/dekkbi.com\/index.php?rest_route=\/wp\/v2\/media\/24910"}],"wp:attachment":[{"href":"https:\/\/dekkbi.com\/index.php?rest_route=%2Fwp%2Fv2%2Fmedia&parent=24909"}],"wp:term":[{"taxonomy":"category","embeddable":true,"href":"https:\/\/dekkbi.com\/index.php?rest_route=%2Fwp%2Fv2%2Fcategories&post=24909"},{"taxonomy":"post_tag","embeddable":true,"href":"https:\/\/dekkbi.com\/index.php?rest_route=%2Fwp%2Fv2%2Ftags&post=24909"}],"curies":[{"name":"wp","href":"https:\/\/api.w.org\/{rel}","templated":true}]}}