{"id":24877,"date":"2023-11-11T16:17:44","date_gmt":"2023-11-11T16:17:44","guid":{"rendered":"https:\/\/dekkbi.com\/?p=24877"},"modified":"2023-11-11T16:17:45","modified_gmt":"2023-11-11T16:17:45","slug":"aissata-tall-sall-a-presente-aux-procureurs-sa-vision-de-la-politique-penale-selon-son-cabine","status":"publish","type":"post","link":"https:\/\/dekkbi.com\/?p=24877","title":{"rendered":"A\u00efssata Tall Sall a pr\u00e9sent\u00e9 aux procureurs sa vision de la politique p\u00e9nale, selon son cabine."},"content":{"rendered":"\n<p>Dakar, 11 nov (APS) \u2013 La nouvelle ministre de la Justice, A\u00efssata Tall Sall, a pr\u00e9sent\u00e9 aux procureurs la \u2018\u2019vision\u2019\u2019 avec laquelle elle veut conduire le syst\u00e8me judiciaire \u00e0 \u2018\u2019une meilleure application de la politique p\u00e9nale\u2019\u2019, a appris l\u2019APS de son cabinet.<\/p>\n\n\n\n<p>Selon la m\u00eame source, la rencontre de Mme Sall avec les procureurs g\u00e9n\u00e9raux et les procureurs de la R\u00e9publique a eu lieu jeudi dernier.<\/p>\n\n\n\n<p>\u2018\u2019L\u2019objectif de cette r\u00e9union \u00e9tait de tisser des liens officiels avec les procureurs\u2019\u2019, explique un communiqu\u00e9 de son cabinet.Elle a pr\u00e9sent\u00e9 aux procureurs \u2018\u2019sa vision [\u2026] en vue d\u2019une meilleure application de la politique p\u00e9nale\u2019\u2019.<\/p>\n\n\n\n<p>\u2018\u2019Dans son adresse aux chefs de parquet, la garde des Sceaux a exprim\u00e9 son souhait de [\u2026] fa\u00e7onner la pratique judiciaire p\u00e9nale de telle sorte qu\u2019elle soit conforme aux attentes des citoyens, au respect de l\u2019ordre public et \u00e0 la conformit\u00e9 avec la loi\u2019\u2019, est-il \u00e9crit dans le communiqu\u00e9.<\/p>\n\n\n\n<p>Selon le texte, A\u00efssata Tall Sall les a invit\u00e9s \u2018\u2019\u00e0 relever le d\u00e9fi d\u2019une bonne administration de la justice, tout en garantissant le respect des droits fondamentaux des citoyens\u2019\u2019.<\/p>\n\n\n\n<p>\u2018\u2019Pour ce faire, elle a insist\u00e9 sur l\u2019importance d\u2019une collaboration franche et \u00e9troite entre le minist\u00e8re et les acteurs cl\u00e9s du syst\u00e8me judiciaire que sont les chefs de parquet\u2019\u2019, ajoute son cabinet.<\/p>\n\n\n\n<p>La ministre de la Justice a \u00e9voqu\u00e9 \u2018\u2019l\u2019imp\u00e9ratif d\u2019une coordination efficace, fluide et diligente des services, pour assurer une mise en \u0153uvre r\u00e9ussie de la politique p\u00e9nale\u2019\u2019, poursuit la m\u00eame source, notant qu\u2019\u2018\u2019\u00e0 sa suite, les procureurs ont expos\u00e9 leurs attentes\u2019\u2019. <\/p>\n\n\n\n<p>Les procureurs \u2018\u2019ont convenu de la n\u00e9cessit\u00e9 de ce dialogue permanent et ont salu\u00e9 l\u2019engagement et la disponibilit\u00e9 de la garde des Sceaux pour une justice efficiente et efficace\u2019\u2019. Ils lui ont fait part de leur \u2018\u2019disponibilit\u00e9\u2019\u2019 \u00e0 entretenir avec elle une \u2018\u2019collaboration franche et sinc\u00e8re\u2019\u2019, affirme le communiqu\u00e9.<\/p>\n\n\n\n<p>L\u2019avocate A\u00efssata Tall Sall, 65 ans, ex-ministre des Affaires \u00e9trang\u00e8res, a \u00e9t\u00e9 nomm\u00e9e ministre de la Justice, le 11 octobre dernier.<\/p>\n","protected":false},"excerpt":{"rendered":"<p>Dakar, 11 nov (APS) \u2013 La nouvelle ministre de la Justice, A\u00efssata Tall Sall, a pr\u00e9sent\u00e9 aux procureurs la \u2018\u2019vision\u2019\u2019<\/p>\n","protected":false},"author":1,"featured_media":24878,"comment_status":"open","ping_status":"open","sticky":false,"template":"","format":"standard","meta":{"footnotes":""},"categories":[21],"tags":[],"class_list":["post-24877","post","type-post","status-publish","format-standard","has-post-thumbnail","hentry","category-societe"],"_links":{"self":[{"href":"https:\/\/dekkbi.com\/index.php?rest_route=\/wp\/v2\/posts\/24877","targetHints":{"allow":["GET"]}}],"collection":[{"href":"https:\/\/dekkbi.com\/index.php?rest_route=\/wp\/v2\/posts"}],"about":[{"href":"https:\/\/dekkbi.com\/index.php?rest_route=\/wp\/v2\/types\/post"}],"author":[{"embeddable":true,"href":"https:\/\/dekkbi.com\/index.php?rest_route=\/wp\/v2\/users\/1"}],"replies":[{"embeddable":true,"href":"https:\/\/dekkbi.com\/index.php?rest_route=%2Fwp%2Fv2%2Fcomments&post=24877"}],"version-history":[{"count":1,"href":"https:\/\/dekkbi.com\/index.php?rest_route=\/wp\/v2\/posts\/24877\/revisions"}],"predecessor-version":[{"id":24879,"href":"https:\/\/dekkbi.com\/index.php?rest_route=\/wp\/v2\/posts\/24877\/revisions\/24879"}],"wp:featuredmedia":[{"embeddable":true,"href":"https:\/\/dekkbi.com\/index.php?rest_route=\/wp\/v2\/media\/24878"}],"wp:attachment":[{"href":"https:\/\/dekkbi.com\/index.php?rest_route=%2Fwp%2Fv2%2Fmedia&parent=24877"}],"wp:term":[{"taxonomy":"category","embeddable":true,"href":"https:\/\/dekkbi.com\/index.php?rest_route=%2Fwp%2Fv2%2Fcategories&post=24877"},{"taxonomy":"post_tag","embeddable":true,"href":"https:\/\/dekkbi.com\/index.php?rest_route=%2Fwp%2Fv2%2Ftags&post=24877"}],"curies":[{"name":"wp","href":"https:\/\/api.w.org\/{rel}","templated":true}]}}