{"id":24871,"date":"2023-11-11T16:02:41","date_gmt":"2023-11-11T16:02:41","guid":{"rendered":"https:\/\/dekkbi.com\/?p=24871"},"modified":"2023-11-11T16:02:42","modified_gmt":"2023-11-11T16:02:42","slug":"protection-des-mineurs-lunion-europeenne-ouvre-une-enquete-visant-meta-et-snap","status":"publish","type":"post","link":"https:\/\/dekkbi.com\/?p=24871","title":{"rendered":"Protection des mineurs: l&rsquo;Union europ\u00e9enne ouvre une enqu\u00eate visant Meta et Snap"},"content":{"rendered":"\n<p>L\u2019Union europ\u00e9enne s\u2019inqui\u00e8te pour la sant\u00e9 mentale des mineurs qui utilisent les r\u00e9seaux sociaux. La Commission europ\u00e9enne a annonc\u00e9 vendredi 10 novembre ouvrir une enqu\u00eate \u00e0 ce sujet sur Meta, la maison m\u00e8re de Facebook et Instagram, sur Snapchat ainsi que TikTok et YouTube.<\/p>\n\n\n\n<p>L\u2019enqu\u00eate porte sur les mesures mises en \u0153uvre par ces entreprises pour prot\u00e9ger les enfants et les adolescents, explique notre correspondant \u00e0 Bruxelles, Laxmi Lota. Meta, Snapchat, TikTok et YouTube ont des \u00ab obligations en vertu de la loi sur les services num\u00e9riques \u00bb, rappelle la Commission europ\u00e9enne.<\/p>\n\n\n\n<p>Cette nouvelle l\u00e9gislation, le Digital Service Act (DSA), est entr\u00e9e en vigueur \u00e0 la fin du mois d\u2019ao\u00fbt : elle vise \u00e0 lutter contre les contenus ill\u00e9gaux, haineux, mais aussi \u00e0 prot\u00e9ger les mineurs. Ce texte de loi impose de nouvelles obligations \u00e0 19 tr\u00e8s grands acteurs de l&rsquo;internet.<\/p>\n\n\n\n<p>Les vid\u00e9os diffus\u00e9es ont-elles un impact sur la sant\u00e9 mentale des jeunes ? Le pr\u00e9sident fran\u00e7ais d\u00e9plorait l\u2019absence ce vendredi de repr\u00e9sentants de Meta ou Google au sommet sur la lutte contre les contenus violents \u00e0 Paris. Emmanuel Macron a point\u00e9 du doigt la quantit\u00e9 insuffisante de mod\u00e9rateurs employ\u00e9s par ces entreprises.<\/p>\n\n\n\n<p>RFI<\/p>\n\n\n\n<p><\/p>\n","protected":false},"excerpt":{"rendered":"<p>L\u2019Union europ\u00e9enne s\u2019inqui\u00e8te pour la sant\u00e9 mentale des mineurs qui utilisent les r\u00e9seaux sociaux. La Commission europ\u00e9enne a annonc\u00e9 vendredi<\/p>\n","protected":false},"author":1,"featured_media":24872,"comment_status":"open","ping_status":"open","sticky":false,"template":"","format":"standard","meta":{"footnotes":""},"categories":[46],"tags":[],"class_list":["post-24871","post","type-post","status-publish","format-standard","has-post-thumbnail","hentry","category-technology"],"_links":{"self":[{"href":"https:\/\/dekkbi.com\/index.php?rest_route=\/wp\/v2\/posts\/24871","targetHints":{"allow":["GET"]}}],"collection":[{"href":"https:\/\/dekkbi.com\/index.php?rest_route=\/wp\/v2\/posts"}],"about":[{"href":"https:\/\/dekkbi.com\/index.php?rest_route=\/wp\/v2\/types\/post"}],"author":[{"embeddable":true,"href":"https:\/\/dekkbi.com\/index.php?rest_route=\/wp\/v2\/users\/1"}],"replies":[{"embeddable":true,"href":"https:\/\/dekkbi.com\/index.php?rest_route=%2Fwp%2Fv2%2Fcomments&post=24871"}],"version-history":[{"count":1,"href":"https:\/\/dekkbi.com\/index.php?rest_route=\/wp\/v2\/posts\/24871\/revisions"}],"predecessor-version":[{"id":24873,"href":"https:\/\/dekkbi.com\/index.php?rest_route=\/wp\/v2\/posts\/24871\/revisions\/24873"}],"wp:featuredmedia":[{"embeddable":true,"href":"https:\/\/dekkbi.com\/index.php?rest_route=\/wp\/v2\/media\/24872"}],"wp:attachment":[{"href":"https:\/\/dekkbi.com\/index.php?rest_route=%2Fwp%2Fv2%2Fmedia&parent=24871"}],"wp:term":[{"taxonomy":"category","embeddable":true,"href":"https:\/\/dekkbi.com\/index.php?rest_route=%2Fwp%2Fv2%2Fcategories&post=24871"},{"taxonomy":"post_tag","embeddable":true,"href":"https:\/\/dekkbi.com\/index.php?rest_route=%2Fwp%2Fv2%2Ftags&post=24871"}],"curies":[{"name":"wp","href":"https:\/\/api.w.org\/{rel}","templated":true}]}}