{"id":24811,"date":"2023-11-10T10:53:16","date_gmt":"2023-11-10T10:53:16","guid":{"rendered":"https:\/\/dekkbi.com\/?p=24811"},"modified":"2023-11-10T10:53:31","modified_gmt":"2023-11-10T10:53:31","slug":"achevement-de-lannee-universitaire-reprise-virtuelle-a-lucad","status":"publish","type":"post","link":"https:\/\/dekkbi.com\/?p=24811","title":{"rendered":"Ach\u00e8vement de l\u2019ann\u00e9e universitaire: Reprise virtuelle \u00e0 l\u2019Ucad"},"content":{"rendered":"\n<p><strong>L\u2019Universit\u00e9 Cheikh Anta Diop de Dakar (Ucad), ferm\u00e9e depuis le mois de juin \u00e0 cause des saccages de ses installations, va devoir finir l\u2019ann\u00e9e universitaire 2022-2023 en distanciel. C\u2019est la d\u00e9cision prise par le Conseil acad\u00e9mique hier. Ledit conseil annonce \u00e9galement \u00abla poursuite des travaux du Comit\u00e9 de s\u00e9curit\u00e9 \u00e9largi aux fins de propositions d\u2019un rapport sur les scenarii de reprise en pr\u00e9sentiel en tenant compte de l\u2019\u00e9volution de l\u2019environnement s\u00e9curitaire, au plus tard le&nbsp;30 novembre 2023\u00bb.<\/strong><\/p>\n\n\n\n<p><strong>Par Dieynaba KANE \u2013\u00a0<\/strong>Les \u00e9tudiants et les enseignants, qui exigent la reprise des cours en pr\u00e9sentiel \u00e0 l\u2019Universit\u00e9 Cheikh Anta Diop de Dakar (Ucad), devront prendre leur mal en patience. Malgr\u00e9 la gr\u00e8ve, les sit-in et les rassemblements du Syndicat autonome de l\u2019enseignement sup\u00e9rieur (Saes), le Conseil acad\u00e9mique n\u2019a toujours pas fix\u00e9 de date pour la reprise des cours en pr\u00e9sentiel. Ledit conseil, qui s\u2019est r\u00e9uni mercredi pour examiner le point relatif au calendrier universitaire et apr\u00e8s avoir pris connaissance du rapport du Comit\u00e9 de s\u00e9curit\u00e9, a pris une d\u00e9cision qui suscitera sans doute beaucoup de pol\u00e9miques et de contestations\u00a0: \u00abLa finalisation des activit\u00e9s p\u00e9dagogiques de l\u2019ann\u00e9e 2022-2023 en distanciel avec l\u2019accompagnement du Rectorat.\u00bb<\/p>\n\n\n\n<p>Dans un communiqu\u00e9, il informe aussi avoir pris la d\u00e9cision de poursuivre les \u00abtravaux du Comit\u00e9 de s\u00e9curit\u00e9 \u00e9largi aux fins de propositions d\u2019un rapport sur les scenarii de reprise en pr\u00e9sentiel en tenant compte de l\u2019\u00e9volution de l\u2019environnement s\u00e9curitaire, au plus tard le 30 novembre 2023\u00bb.<\/p>\n\n\n\n<p>Joint par t\u00e9l\u00e9phone hier, le Secr\u00e9taire g\u00e9n\u00e9ral du Saes a fait savoir qu\u2019il ne peut pas r\u00e9agir pour le moment. David C\u00e9lestin Faye informe que cela se fera probablement samedi, apr\u00e8s discussions avec les diff\u00e9rentes sections.<\/p>\n\n\n\n<p>Pour rappel, les enseignants du Saes, qui r\u00e9clament la r\u00e9ouverture imm\u00e9diate de l\u2019Ucad, ont observ\u00e9 48h de gr\u00e8ve dans toutes les universit\u00e9s du pays, lundi et mardi derniers.<\/p>\n\n\n\n<p><strong>Rencontre des diff\u00e9rentes sections du Saes demain<\/strong><br>Par la suite, les syndicalistes ont \u00e9t\u00e9 re\u00e7us par le ministre de l\u2019Enseignement sup\u00e9rieur. Mais sur la Rfm mercredi, le Secr\u00e9taire g\u00e9n\u00e9ral du Saes avait d\u00e9clar\u00e9 qu\u2019il n\u2019y avait rien de nouveau.&nbsp;D\u2019apr\u00e8s David C\u00e9\u00adlestin Faye, \u00abla seule chose qui l\u2019int\u00e9resse (Ndlr : le ministre), c\u2019est la lev\u00e9e du mot d\u2019ordre\u00bb. Et d\u2019ajouter : \u00abAlors que nous, ce qui nous int\u00e9resse, c\u2019est le respect de la parole don\u00adn\u00e9e.&nbsp;Les engagements que le gouvernement a pris avec le syndicat doivent \u00eatre respect\u00e9s.&nbsp;Nous demandons aussi la s\u00e9curisation et la r\u00e9ouverture des universit\u00e9s imm\u00e9diatement pour sauver l\u2019ann\u00e9e 2022-2023.\u00bb Pour le Sg du Saes, \u00abl\u2019enseignement \u00e0 distance tel que d\u00e9crit, c\u2019est une tromperie, une d\u00e9ception totale\u00bb.<\/p>\n\n\n\n<p>Concernant l\u2019ouverture des universit\u00e9s, le syndicaliste renseigne que \u00able ministre n\u2019a pas donn\u00e9 une r\u00e9ponse con\u00adcr\u00e8te\u00bb. Et de fustiger :&nbsp;\u00abC\u2019est une tergiversation depuis le d\u00e9but.&nbsp;Ce n\u2019est pas \u00e0 nous de prouver qu\u2019il y aura la s\u00e9curit\u00e9.&nbsp;L\u2019Etat a les moyens de garantir la s\u00e9curit\u00e9 des uns et des autres.&nbsp;Ce que nous demandons, c\u2019est la s\u00e9curisation et la r\u00e9ouverture des universit\u00e9s pour qu\u2019on puisse sauver l\u2019ann\u00e9e.\u00bb Analysant l\u2019attitude de la tutelle dans cette crise, M. Faye soutient que \u00abcela montre que le ministre est d\u00e9pass\u00e9 par la situation\u00bb.<br><strong>dkane@lequotidien.sn<\/strong><\/p>\n","protected":false},"excerpt":{"rendered":"<p>L\u2019Universit\u00e9 Cheikh Anta Diop de Dakar (Ucad), ferm\u00e9e depuis le mois de juin \u00e0 cause des saccages de ses installations,<\/p>\n","protected":false},"author":1,"featured_media":24136,"comment_status":"open","ping_status":"open","sticky":false,"template":"","format":"standard","meta":{"footnotes":""},"categories":[26],"tags":[],"class_list":["post-24811","post","type-post","status-publish","format-standard","has-post-thumbnail","hentry","category-fait-divers"],"_links":{"self":[{"href":"https:\/\/dekkbi.com\/index.php?rest_route=\/wp\/v2\/posts\/24811","targetHints":{"allow":["GET"]}}],"collection":[{"href":"https:\/\/dekkbi.com\/index.php?rest_route=\/wp\/v2\/posts"}],"about":[{"href":"https:\/\/dekkbi.com\/index.php?rest_route=\/wp\/v2\/types\/post"}],"author":[{"embeddable":true,"href":"https:\/\/dekkbi.com\/index.php?rest_route=\/wp\/v2\/users\/1"}],"replies":[{"embeddable":true,"href":"https:\/\/dekkbi.com\/index.php?rest_route=%2Fwp%2Fv2%2Fcomments&post=24811"}],"version-history":[{"count":1,"href":"https:\/\/dekkbi.com\/index.php?rest_route=\/wp\/v2\/posts\/24811\/revisions"}],"predecessor-version":[{"id":24812,"href":"https:\/\/dekkbi.com\/index.php?rest_route=\/wp\/v2\/posts\/24811\/revisions\/24812"}],"wp:featuredmedia":[{"embeddable":true,"href":"https:\/\/dekkbi.com\/index.php?rest_route=\/wp\/v2\/media\/24136"}],"wp:attachment":[{"href":"https:\/\/dekkbi.com\/index.php?rest_route=%2Fwp%2Fv2%2Fmedia&parent=24811"}],"wp:term":[{"taxonomy":"category","embeddable":true,"href":"https:\/\/dekkbi.com\/index.php?rest_route=%2Fwp%2Fv2%2Fcategories&post=24811"},{"taxonomy":"post_tag","embeddable":true,"href":"https:\/\/dekkbi.com\/index.php?rest_route=%2Fwp%2Fv2%2Ftags&post=24811"}],"curies":[{"name":"wp","href":"https:\/\/api.w.org\/{rel}","templated":true}]}}