{"id":24797,"date":"2023-11-10T10:33:56","date_gmt":"2023-11-10T10:33:56","guid":{"rendered":"https:\/\/dekkbi.com\/?p=24797"},"modified":"2023-11-10T11:05:24","modified_gmt":"2023-11-10T11:05:24","slug":"kaolack-1463-jeunes-et-femmes-recoivent-leurs-titres-de-qualification-professionnelle","status":"publish","type":"post","link":"https:\/\/dekkbi.com\/?p=24797","title":{"rendered":"Kaolack: 1463 titres de qualification professionnelle"},"content":{"rendered":"\n<p>Kaolack, 10 nov (APS) \u2013 Quelque 1463 jeunes et femmes ont re\u00e7u jeudi de l\u2019Office national de la formation professionnelle (ONFP) leurs titres de qualification professionnelle, en pr\u00e9sence du secr\u00e9taire g\u00e9n\u00e9ral du minist\u00e8re de la Formation professionnelle, de l\u2019Apprentissage et de l\u2019Insertion, Mamadou Camara Fall.<\/p>\n\n\n\n<p>La remise de ces s\u00e9sames a eu lieu \u00e0 l\u2019occasion de la c\u00e9r\u00e9monie officielle de la semaine de la formation professionnelle initi\u00e9e par l\u2019ONFP au profit des populations des r\u00e9gions de la zone centre, Fatick, Kaffrine, Diourbel et Kaolack, (7-11 novembre).<\/p>\n\n\n\n<p>&nbsp;\u00bbNous avons voulu montrer \u00e0 la face du monde que l\u2019ONFP est une structure importante dans le secteur de la formation professionnelle. Et nos pr\u00e9d\u00e9cesseurs ont r\u00e9alis\u00e9 un travail remarquable mais le s\u00e9rieux de la gestion des affaires publiques voudrait que nous op\u00e9rions une rupture qualitative dans la continuit\u00e9\u2019\u2019, a fait valoir Mamadou Mounirou Ly, directeur g\u00e9n\u00e9ral de l\u2019ONFP&nbsp;pour expliquer la tenue de cette semaine de la formation professionnelle.<\/p>\n\n\n\n<figure class=\"wp-block-image\"><img decoding=\"async\" src=\"https:\/\/aps.sn\/wp-content\/uploads\/2023\/11\/DirecteurGeneralONFPMamadouMounirouLy.jpg\" alt=\"\" class=\"wp-image-65938\"\/><\/figure>\n\n\n\n<p>Il estime que c\u2019est cette visibilit\u00e9 qui va permettre aux femmes et aux jeunes de la zone centre et du reste du pays de comprendre les initiatives prises par l\u2019Etat.<\/p>\n\n\n\n<p>Pour le secr\u00e9taire g\u00e9n\u00e9ral du minist\u00e8re de la Formation professionnelle, de l\u2019Apprentissage et de l\u2019Insertion, Mamadou Camara Fall, cette semaine de la formation professionnelle qui se veut \u2018\u2019p\u00e9renne\u2019\u2019 est une \u2018\u2019opportunit\u00e9\u2019\u2019 offerte aux populations s\u00e9n\u00e9galaises&nbsp; notamment les jeunes et les femmes de d\u00e9couvrir les multiples possibilit\u00e9s de la formation professionnelle et technique dans la politique de l\u2019Etat du S\u00e9n\u00e9gal contre le ch\u00f4mage des jeunes.<\/p>\n\n\n\n<p>&nbsp;\u00bbCette semaine de l\u2019ONFP contribue \u00e0 rendre plus attractif le secteur de la formation professionnelle et technique sur tout le territoire national\u2019\u2019, a soulign\u00e9 M. Fall, selon qui, elle entre dans le cadre de la territorialisation des politiques publiques.<\/p>\n\n\n\n<figure class=\"wp-block-image\"><img decoding=\"async\" src=\"https:\/\/aps.sn\/wp-content\/uploads\/2023\/11\/SecretaireGeneralMinistereFormationProfessionnelleApprentissageInsertionMamadouCamaraFall.jpg\" alt=\"\" class=\"wp-image-65940\"\/><\/figure>\n\n\n\n<p>Il estime que le pr\u00e9sident Sall, a bien compris l\u2019importance de la formation professionnelle et technique, \u2018\u2019levier essentiel\u2019\u2019 de d\u00e9veloppement du capital humain, un des axes du Plan S\u00e9n\u00e9gal \u00e9mergent (PSE),<\/p>\n\n\n\n<p>C\u2019est pourquoi il a pris la \u2018\u2019d\u00e9cision historique\u2019\u2019&nbsp; d\u2019allouer la totalit\u00e9 des ressources financi\u00e8res issues de la contribution forfaitaire \u00e0 la charge de l\u2019employeur (CFCE) au secteur de la formation professionnelle et technique.<\/p>\n\n\n\n<p>&nbsp;\u00bbCes ressources servent \u00e0 accro\u00eetre l\u2019acc\u00e8s aux formations initiale et continue, au perfectionnement, au renforcement de capacit\u00e9s des travailleurs et demandeurs d\u2019emplois de tous les secteurs d\u2019activit\u00e9\u2019\u2019, a expliqu\u00e9 Fall.<\/p>\n\n\n\n<figure class=\"wp-block-image\"><img decoding=\"async\" src=\"https:\/\/aps.sn\/wp-content\/uploads\/2023\/11\/SecretaireGeneralMinistereFormationProfessionnelleApprentissageInsertionMamadouCamaraFallUne.jpg\" alt=\"\" class=\"wp-image-65941\"\/><\/figure>\n\n\n\n<p>ADE\/OID<\/p>\n","protected":false},"excerpt":{"rendered":"<p>Kaolack, 10 nov (APS) \u2013 Quelque 1463 jeunes et femmes ont re\u00e7u jeudi de l\u2019Office national de la formation professionnelle<\/p>\n","protected":false},"author":1,"featured_media":24798,"comment_status":"open","ping_status":"open","sticky":false,"template":"","format":"standard","meta":{"footnotes":""},"categories":[21],"tags":[],"class_list":["post-24797","post","type-post","status-publish","format-standard","has-post-thumbnail","hentry","category-societe"],"_links":{"self":[{"href":"https:\/\/dekkbi.com\/index.php?rest_route=\/wp\/v2\/posts\/24797","targetHints":{"allow":["GET"]}}],"collection":[{"href":"https:\/\/dekkbi.com\/index.php?rest_route=\/wp\/v2\/posts"}],"about":[{"href":"https:\/\/dekkbi.com\/index.php?rest_route=\/wp\/v2\/types\/post"}],"author":[{"embeddable":true,"href":"https:\/\/dekkbi.com\/index.php?rest_route=\/wp\/v2\/users\/1"}],"replies":[{"embeddable":true,"href":"https:\/\/dekkbi.com\/index.php?rest_route=%2Fwp%2Fv2%2Fcomments&post=24797"}],"version-history":[{"count":2,"href":"https:\/\/dekkbi.com\/index.php?rest_route=\/wp\/v2\/posts\/24797\/revisions"}],"predecessor-version":[{"id":24819,"href":"https:\/\/dekkbi.com\/index.php?rest_route=\/wp\/v2\/posts\/24797\/revisions\/24819"}],"wp:featuredmedia":[{"embeddable":true,"href":"https:\/\/dekkbi.com\/index.php?rest_route=\/wp\/v2\/media\/24798"}],"wp:attachment":[{"href":"https:\/\/dekkbi.com\/index.php?rest_route=%2Fwp%2Fv2%2Fmedia&parent=24797"}],"wp:term":[{"taxonomy":"category","embeddable":true,"href":"https:\/\/dekkbi.com\/index.php?rest_route=%2Fwp%2Fv2%2Fcategories&post=24797"},{"taxonomy":"post_tag","embeddable":true,"href":"https:\/\/dekkbi.com\/index.php?rest_route=%2Fwp%2Fv2%2Ftags&post=24797"}],"curies":[{"name":"wp","href":"https:\/\/api.w.org\/{rel}","templated":true}]}}