{"id":24786,"date":"2023-11-10T10:18:16","date_gmt":"2023-11-10T10:18:16","guid":{"rendered":"https:\/\/dekkbi.com\/?p=24786"},"modified":"2023-11-10T10:18:18","modified_gmt":"2023-11-10T10:18:18","slug":"diabete-plus-de-60-000-personnes-suivies-au-centre-marc-sankale","status":"publish","type":"post","link":"https:\/\/dekkbi.com\/?p=24786","title":{"rendered":"\u00a0Diab\u00e8te : plus de 60.000 personnes suivies au centre Marc Sankal\u00e9"},"content":{"rendered":"\n<p>Dakar, 10 nov (APS) \u2013 Plus de soixante mille patients sont suivis \u2018\u2019r\u00e9guli\u00e8rement\u2019\u2019 au centre de prise en charge du diab\u00e8te Marc Sankale de l\u2019h\u00f4pital Abass Ndao, a r\u00e9v\u00e9l\u00e9 jeudi sa directrice, Professeur Maimouna Ndour Mbaye, signalant que ce centre re\u00e7oit, aujourd\u2019hui, 2500 cas par an, contre 200 en 1965.<\/p>\n\n\n\n<p>&nbsp;\u00bbAu niveau national, le centre Marc Sankale est pass\u00e9 de 200 nouveaux cas par an, \u00e0 son ouverture en 1965, \u00e0 plus de 2500 nouveaux cas annuels&nbsp;\u00bb, a-t-elle indiqu\u00e9.<\/p>\n\n\n\n<p>Elle intervenait lors d\u2019une conf\u00e9rence de presse organis\u00e9e en pr\u00e9lude des premi\u00e8res journ\u00e9es scientifiques de l\u2019h\u00f4pital Abass Ndao, pr\u00e9vues du 14 au 16 novembre.<\/p>\n\n\n\n<p>&nbsp;\u00bbActuellement, on a plus de 60 000 personnes qui sont r\u00e9guli\u00e8rement suivies dans le centre. Ce qui est \u00e9norme&nbsp;\u00bb, a-t-elle r\u00e9v\u00e9l\u00e9.<\/p>\n\n\n\n<p>Le choix du th\u00e8me de ces journ\u00e9es, &nbsp;\u00bble diab\u00e8te sucr\u00e9&nbsp;\u00bb, s\u2019explique par \u2018\u2019plusieurs raisons\u2019\u2019, a soulign\u00e9 Pr Mbaye, \u00e9galement pr\u00e9sidente de la commission scientifique de l\u2019\u00e9v\u00e8nement.<\/p>\n\n\n\n<p>Le choix se justifie par la place importante qu\u2019occupe le centre Marc Sankale au sein de l\u2019h\u00f4pital Abass Ndao, a-t-elle poursuivi, rappelant qu\u2019il avait \u00e9t\u00e9 cr\u00e9\u00e9 pour aider \u00e0 faire face au nombre important de diab\u00e9tiques hospitalis\u00e9s \u00e0 l\u2019h\u00f4pital Principal et \u00e0 l\u2019h\u00f4pital militaire de Ouakam.<\/p>\n\n\n\n<p>Il est devenu la premi\u00e8re structure d\u00e9di\u00e9e \u00e0 la prise en charge du diab\u00e8te, et partant, des autres maladies chroniques, a-t-elle relev\u00e9.<\/p>\n\n\n\n<p>Elle a affirm\u00e9 que le diab\u00e8te est devenu \u2018\u2019un fardeau de par sa fr\u00e9quence grandissante\u2019\u2019.<\/p>\n\n\n\n<p>&nbsp;\u00bbLe fait alarmant dans nos pays, c\u2019est la croissance qui sera beaucoup plus grandissante d\u2019ici 2045. On est actuellement \u00e0 24 millions de diab\u00e9tiques en Afrique, et si on n\u2019y prend pas garde, on sera \u00e0 55 millions d\u2019ici 2045&nbsp;\u00bb, a-t-elle alert\u00e9.<\/p>\n\n\n\n<p>Elle rappelle qu\u2019il s\u2019agit d\u2019une affection qui est grave de par ses complications qui peuvent affecter plusieurs organes : les yeux conduisant \u00e0 la c\u00e9cit\u00e9, le rein avec l\u2019insuffisance r\u00e9nale, les dialyses \u00e0 n\u2019en plus finir, le c\u0153ur avec les arr\u00eats cardiaques et les AVC dus \u00e0 l\u2019atteinte du cerveau.<\/p>\n\n\n\n<p>Cette affection entra\u00eene des amputations lorsqu\u2019elle atteint les membres inf\u00e9rieurs.<\/p>\n\n\n\n<p>Elle signale que &nbsp;\u00bbles services p\u00e9diatrique, cardiologique et ophtalmologique travaillent en \u00e9troite collaboration avec le centre de prise en charge du diab\u00e8te Marc Sankale pour am\u00e9liorer la prise en charge des malades&nbsp;\u00bb.<\/p>\n\n\n\n<p>Selon elle, &nbsp;\u00bble co\u00fbt \u00e9conomique est consid\u00e9rable. Il s\u2019agit du co\u00fbt en terme de m\u00e9dicaments, de contr\u00f4les, de consultations. Les&nbsp;malades en souffrent beaucoup\u2019\u2019.<\/p>\n\n\n\n<p>Ce co\u00fbt est d\u2019autant plus important que \u2018\u2019la plupart de nos malades ne b\u00e9n\u00e9ficient pas d\u2019une prise en charge m\u00e9dicale permettant de faire face \u00e0 ces frais m\u00e9dicaux&nbsp;\u00bb.<\/p>\n\n\n\n<p>Elle a rappel\u00e9 que le centre participe \u00e0 la formation des personnels de sant\u00e9. \u2018\u2019L\u2019objectif, c\u2019est de d\u00e9centraliser la prise en charge \u00e0 l\u2019image de ce qui se fait au niveau du centre Marc Sankale et de l\u2019h\u00f4pital Abass Ndao.\u2019\u2019.<\/p>\n\n\n\n<p>L\u2019objectif de ces journ\u00e9es, explique Ma\u00efmouna Ndour Mbaye, est &nbsp;\u00bbde parler de tout ce qui est fait au niveau de l\u2019h\u00f4pital Abass Ndao, discuter entre techniciens de l\u2019avanc\u00e9e de la prise en charge du diab\u00e8te et d\u2019autres pathologies&nbsp;\u00bb.<\/p>\n\n\n\n<p>&nbsp;\u00bbCela permettra de voir o\u00f9 nous en sommes et r\u00e9fl\u00e9chir sur les perspectives. (\u2026) au final, l\u2019objectif c\u2019est d\u2019am\u00e9liorer cette prise en charge (\u2026)&nbsp;\u00bb,&nbsp;a-t-elle conclu.<\/p>\n\n\n\n<p>NSS\/SKS\/ASG<\/p>\n","protected":false},"excerpt":{"rendered":"<p>Dakar, 10 nov (APS) \u2013 Plus de soixante mille patients sont suivis \u2018\u2019r\u00e9guli\u00e8rement\u2019\u2019 au centre de prise en charge du<\/p>\n","protected":false},"author":1,"featured_media":24787,"comment_status":"open","ping_status":"open","sticky":false,"template":"","format":"standard","meta":{"footnotes":""},"categories":[21],"tags":[],"class_list":["post-24786","post","type-post","status-publish","format-standard","has-post-thumbnail","hentry","category-societe"],"_links":{"self":[{"href":"https:\/\/dekkbi.com\/index.php?rest_route=\/wp\/v2\/posts\/24786","targetHints":{"allow":["GET"]}}],"collection":[{"href":"https:\/\/dekkbi.com\/index.php?rest_route=\/wp\/v2\/posts"}],"about":[{"href":"https:\/\/dekkbi.com\/index.php?rest_route=\/wp\/v2\/types\/post"}],"author":[{"embeddable":true,"href":"https:\/\/dekkbi.com\/index.php?rest_route=\/wp\/v2\/users\/1"}],"replies":[{"embeddable":true,"href":"https:\/\/dekkbi.com\/index.php?rest_route=%2Fwp%2Fv2%2Fcomments&post=24786"}],"version-history":[{"count":1,"href":"https:\/\/dekkbi.com\/index.php?rest_route=\/wp\/v2\/posts\/24786\/revisions"}],"predecessor-version":[{"id":24788,"href":"https:\/\/dekkbi.com\/index.php?rest_route=\/wp\/v2\/posts\/24786\/revisions\/24788"}],"wp:featuredmedia":[{"embeddable":true,"href":"https:\/\/dekkbi.com\/index.php?rest_route=\/wp\/v2\/media\/24787"}],"wp:attachment":[{"href":"https:\/\/dekkbi.com\/index.php?rest_route=%2Fwp%2Fv2%2Fmedia&parent=24786"}],"wp:term":[{"taxonomy":"category","embeddable":true,"href":"https:\/\/dekkbi.com\/index.php?rest_route=%2Fwp%2Fv2%2Fcategories&post=24786"},{"taxonomy":"post_tag","embeddable":true,"href":"https:\/\/dekkbi.com\/index.php?rest_route=%2Fwp%2Fv2%2Ftags&post=24786"}],"curies":[{"name":"wp","href":"https:\/\/api.w.org\/{rel}","templated":true}]}}