{"id":24781,"date":"2023-11-10T10:14:53","date_gmt":"2023-11-10T10:14:53","guid":{"rendered":"https:\/\/dekkbi.com\/?p=24781"},"modified":"2023-11-10T10:14:57","modified_gmt":"2023-11-10T10:14:57","slug":"un-expert-suggere-la-formation-accrue-dexperts-africains-en-cybersecurite","status":"publish","type":"post","link":"https:\/\/dekkbi.com\/?p=24781","title":{"rendered":"Un expert sugg\u00e8re la formation accrue d\u2019experts africains en cybers\u00e9curit\u00e9"},"content":{"rendered":"\n<p>Dakar, 10 nov (APS) \u2013 &nbsp;L\u2019ing\u00e9nieur en informatique, en \u00e9lectronique et en t\u00e9l\u00e9com, &nbsp;Mohamadou Sall, sugg\u00e8re une formation accrue d\u2019experts et sp\u00e9cialistes africains en cybers\u00e9curit\u00e9 et cyberd\u00e9fense devant la mont\u00e9e en puissance des groupes malveillants qui profitent du num\u00e9rique pour commettre leurs forfaits.<\/p>\n\n\n\n<p>&nbsp;\u00bbNous sommes aujourd\u2019hui dans l\u2019air du num\u00e9rique. Le monde est en danger du fait des malveillants qui agissent pour diverses raisons (\u2026). Aujourd\u2019hui, en permanence les donn\u00e9es sont en perp\u00e9tuelle en danger. Il faut davantage former des experts, des sp\u00e9cialistes en cybers\u00e9curit\u00e9 en cyberd\u00e9fense pour faire face \u00e0 ces groupes malveillants&nbsp;\u00bb, a-t-il notamment plaid\u00e9.<\/p>\n\n\n\n<p>M. Sall pr\u00e9sident de l\u2019Ecole Centrale Polytechnique d\u2019ing\u00e9nieurs (EPCI) de Dakar intervenait, jeudi, en marge de la c\u00e9r\u00e9monie de remise de dipl\u00f4mes (BTS) d\u2019Etat en cyber-s\u00e9curit\u00e9 \u00e0 des \u00e9tudiants de son \u00e9tablissement.<\/p>\n\n\n\n<p>Il estime que dans ce contexte de d\u00e9veloppement acc\u00e9l\u00e9r\u00e9 du num\u00e9rique partout dans ce monde, &nbsp;\u00bbl\u2019Afrique est loin d\u2019avoir le nombre d\u2019experts ou de sp\u00e9cialistes form\u00e9s&nbsp;\u00bb.<\/p>\n\n\n\n<p>&nbsp;\u00bbDonc, il faut former des milliers d\u2019experts. Aujourd\u2019hui, avec le num\u00e9rique et depuis la crise du Covid-19, le besoin de former des ing\u00e9nieurs en cybers\u00e9curit\u00e9, cyberd\u00e9fense est l\u00e0&nbsp;\u00bb, a-t-il soulign\u00e9.<\/p>\n\n\n\n<p>&nbsp;\u00bbCes formations permet de favoriser l\u2019\u00e9conomie de la connaissance, mais surtout de sensibiliser sur la cybers\u00e9curit\u00e9, la cyberd\u00e9fense. Il faut que nos jeunes soient form\u00e9s pour maitriser la haute technologie&nbsp;\u00bb, a dit M. Sall.<\/p>\n\n\n\n<p>SG\/OID<\/p>\n","protected":false},"excerpt":{"rendered":"<p>Dakar, 10 nov (APS) \u2013 &nbsp;L\u2019ing\u00e9nieur en informatique, en \u00e9lectronique et en t\u00e9l\u00e9com, &nbsp;Mohamadou Sall, sugg\u00e8re une formation accrue d\u2019experts<\/p>\n","protected":false},"author":1,"featured_media":24784,"comment_status":"open","ping_status":"open","sticky":false,"template":"","format":"standard","meta":{"footnotes":""},"categories":[46],"tags":[],"class_list":["post-24781","post","type-post","status-publish","format-standard","has-post-thumbnail","hentry","category-technology"],"_links":{"self":[{"href":"https:\/\/dekkbi.com\/index.php?rest_route=\/wp\/v2\/posts\/24781","targetHints":{"allow":["GET"]}}],"collection":[{"href":"https:\/\/dekkbi.com\/index.php?rest_route=\/wp\/v2\/posts"}],"about":[{"href":"https:\/\/dekkbi.com\/index.php?rest_route=\/wp\/v2\/types\/post"}],"author":[{"embeddable":true,"href":"https:\/\/dekkbi.com\/index.php?rest_route=\/wp\/v2\/users\/1"}],"replies":[{"embeddable":true,"href":"https:\/\/dekkbi.com\/index.php?rest_route=%2Fwp%2Fv2%2Fcomments&post=24781"}],"version-history":[{"count":1,"href":"https:\/\/dekkbi.com\/index.php?rest_route=\/wp\/v2\/posts\/24781\/revisions"}],"predecessor-version":[{"id":24785,"href":"https:\/\/dekkbi.com\/index.php?rest_route=\/wp\/v2\/posts\/24781\/revisions\/24785"}],"wp:featuredmedia":[{"embeddable":true,"href":"https:\/\/dekkbi.com\/index.php?rest_route=\/wp\/v2\/media\/24784"}],"wp:attachment":[{"href":"https:\/\/dekkbi.com\/index.php?rest_route=%2Fwp%2Fv2%2Fmedia&parent=24781"}],"wp:term":[{"taxonomy":"category","embeddable":true,"href":"https:\/\/dekkbi.com\/index.php?rest_route=%2Fwp%2Fv2%2Fcategories&post=24781"},{"taxonomy":"post_tag","embeddable":true,"href":"https:\/\/dekkbi.com\/index.php?rest_route=%2Fwp%2Fv2%2Ftags&post=24781"}],"curies":[{"name":"wp","href":"https:\/\/api.w.org\/{rel}","templated":true}]}}