{"id":24774,"date":"2023-11-10T09:53:18","date_gmt":"2023-11-10T09:53:18","guid":{"rendered":"https:\/\/dekkbi.com\/?p=24774"},"modified":"2023-11-10T11:28:12","modified_gmt":"2023-11-10T11:28:12","slug":"etats-unis-lencombrant-senateur-manchin-une-epine-dans-le-pied-de-joe-biden","status":"publish","type":"post","link":"https:\/\/dekkbi.com\/?p=24774","title":{"rendered":"\u00c9tats-Unis: Manchin, une \u00e9pine dans le pied de Biden"},"content":{"rendered":"\n<p>Aux \u00c9tats-Unis, il est le s\u00e9nateur d\u00e9mocrate le plus \u00e0 droite et fait souvent barrage aux projets les plus progressistes. Joe Manchin ne se repr\u00e9sentera pas en 2024 et cela ne va pas forc\u00e9ment faciliter la t\u00e2che du parti du pr\u00e9sident Biden.<\/p>\n\n\n\n<p>Avec notre correspondant \u00e0 Washington, Guillaume NaudinJoe Manchin, c\u2019est celui des leurs que les d\u00e9mocrates adorent d\u00e9tester. Avec une majorit\u00e9 de 51 contre 49, chaque voix compte au S\u00e9nat et celle de Manchin p\u00e8se parfois tr\u00e8s lourd. Par exemple, quand il fait supprimer des prestations sociales par souci d\u2019\u00e9conomie dans les lois de finance ou qu\u2019il emp\u00eache des projets environnementaux. Il faut dire que son \u00c9tat de Virginie-Occidentale produit encore beaucoup d\u2019\u00e9nergies fossiles et notamment du charbon.<\/p>\n\n\n\n<p>Int\u00e9r\u00eats familiaux<\/p>\n\n\n\n<p>Un secteur o\u00f9 Joe Manchin et sa famille ont des int\u00e9r\u00eats. Pour les d\u00e9mocrates progressistes, ce pourrait donc \u00eatre une bonne nouvelle, mais, en fait, cela complique les affaires de la majorit\u00e9 s\u00e9natoriale. Au fil du temps, la Virginie-Occidentale est devenue de plus en plus solidement r\u00e9publicaine mais Joe Manchin remportait, \u00e9lection apr\u00e8s \u00e9lection, un si\u00e8ge pour le parti de Joe Biden. \u00c0 tel point que le chef de la majorit\u00e9 d\u00e9mocrate, Chuck Schumer, insistait pour qu\u2019il se repr\u00e9sente afin d\u2019\u00e9viter que ce fauteuil tombe dans l\u2019escarcelle r\u00e9publicaine.<\/p>\n\n\n\n<p>\u00ab Non \u00bb<\/p>\n\n\n\n<p>La r\u00e9ponse de Joe Manchin, c\u2019est \u00ab non \u00bb. Et en plus, il annonce qu\u2019il va parcourir le pays pour voir si les Am\u00e9ricains centristes ne voudraient pas se regrouper. Il est soup\u00e7onn\u00e9 d\u2019\u00e9tudier une \u00e9ventuelle candidature pr\u00e9sidentielle. Et ce serait une bien mauvaise nouvelle pour Joe Biden.<\/p>\n","protected":false},"excerpt":{"rendered":"<p>Aux \u00c9tats-Unis, il est le s\u00e9nateur d\u00e9mocrate le plus \u00e0 droite et fait souvent barrage aux projets les plus progressistes.<\/p>\n","protected":false},"author":1,"featured_media":24775,"comment_status":"open","ping_status":"open","sticky":false,"template":"","format":"standard","meta":{"footnotes":""},"categories":[51],"tags":[],"class_list":["post-24774","post","type-post","status-publish","format-standard","has-post-thumbnail","hentry","category-general"],"_links":{"self":[{"href":"https:\/\/dekkbi.com\/index.php?rest_route=\/wp\/v2\/posts\/24774","targetHints":{"allow":["GET"]}}],"collection":[{"href":"https:\/\/dekkbi.com\/index.php?rest_route=\/wp\/v2\/posts"}],"about":[{"href":"https:\/\/dekkbi.com\/index.php?rest_route=\/wp\/v2\/types\/post"}],"author":[{"embeddable":true,"href":"https:\/\/dekkbi.com\/index.php?rest_route=\/wp\/v2\/users\/1"}],"replies":[{"embeddable":true,"href":"https:\/\/dekkbi.com\/index.php?rest_route=%2Fwp%2Fv2%2Fcomments&post=24774"}],"version-history":[{"count":2,"href":"https:\/\/dekkbi.com\/index.php?rest_route=\/wp\/v2\/posts\/24774\/revisions"}],"predecessor-version":[{"id":24835,"href":"https:\/\/dekkbi.com\/index.php?rest_route=\/wp\/v2\/posts\/24774\/revisions\/24835"}],"wp:featuredmedia":[{"embeddable":true,"href":"https:\/\/dekkbi.com\/index.php?rest_route=\/wp\/v2\/media\/24775"}],"wp:attachment":[{"href":"https:\/\/dekkbi.com\/index.php?rest_route=%2Fwp%2Fv2%2Fmedia&parent=24774"}],"wp:term":[{"taxonomy":"category","embeddable":true,"href":"https:\/\/dekkbi.com\/index.php?rest_route=%2Fwp%2Fv2%2Fcategories&post=24774"},{"taxonomy":"post_tag","embeddable":true,"href":"https:\/\/dekkbi.com\/index.php?rest_route=%2Fwp%2Fv2%2Ftags&post=24774"}],"curies":[{"name":"wp","href":"https:\/\/api.w.org\/{rel}","templated":true}]}}