{"id":24720,"date":"2023-11-09T12:09:28","date_gmt":"2023-11-09T12:09:28","guid":{"rendered":"https:\/\/dekkbi.com\/?p=24720"},"modified":"2023-11-09T12:15:57","modified_gmt":"2023-11-09T12:15:57","slug":"espagne-sanchez-obtient-lappui-des-independantistes-catalans-pour-se-maintenir-au-pouvoir","status":"publish","type":"post","link":"https:\/\/dekkbi.com\/?p=24720","title":{"rendered":"Espagne: S\u00e1nchez obtient l&rsquo;appui des ind\u00e9pendantistes catalans pour se maintenir au pouvoir"},"content":{"rendered":"\n<p>Le Parti socialiste espagnol de Pedro S\u00e1nchez (PSOE) est parvenu, jeudi 9 novembre, apr\u00e8s d&rsquo;intenses tractations, \u00e0 un accord historique avec la formation de l&rsquo;ind\u00e9pendantiste catalan Carles Puigdemont en vue de la reconduction au pouvoir du Premier ministre sortant.<\/p>\n\n\n\n<p>En \u00e9change de leur soutien, les ind\u00e9pendantistes catalans ont obtenu des socialistes l&rsquo;engagement \u00e0 l&rsquo;adoption par le Parlement d&rsquo;une loi d&rsquo;amnistie pour leurs dirigeants et militants poursuivis par la justice, notamment pour implication dans la tentative de s\u00e9cession de la Catalogne en 2017.Pr\u00e9sent\u00e9 \u00e0 la mi-journ\u00e9e par le num\u00e9ro trois des socialistes, Santos Cerd\u00e1n, depuis la capitale belge, cet accord pr\u00e9voit plusieurs concessions aux ind\u00e9pendantistes en \u00e9change de leur vote favorable \u00e0 la reconduite de S\u00e1nchez au pouvoir, \u00e9crit \u00c9lise Gazengel,<\/p>\n\n\n\n<p>notre correspondante \u00e0 Barcelone. Ainsi, selon Cerd\u00e1n, les Catalans poursuivis pour leur r\u00f4le dans le processus ind\u00e9pendantiste entre 2012 et 2023 seront amnisti\u00e9s gr\u00e2ce \u00e0 une loi qui sera pr\u00e9sent\u00e9e dans les prochaines heures. Une loi dont Puigdemont sera le premier b\u00e9n\u00e9ficiaire.<\/p>\n\n\n\n<p>En outre, un m\u00e9diateur international se chargera de v\u00e9rifier la r\u00e9alisation de ces engagements sign\u00e9s ce jour. Mais l&rsquo;accord reconna\u00eet aussi les divergences entre les deux partis notamment quant \u00e0 un nouveau r\u00e9f\u00e9rendum que les socialistes refusent et que Junts continue de r\u00e9clamer.  <\/p>\n\n\n\n<p>SOURCE RFI<\/p>\n","protected":false},"excerpt":{"rendered":"<p>Le Parti socialiste espagnol de Pedro S\u00e1nchez (PSOE) est parvenu, jeudi 9 novembre, apr\u00e8s d&rsquo;intenses tractations, \u00e0 un accord historique<\/p>\n","protected":false},"author":1,"featured_media":24724,"comment_status":"open","ping_status":"open","sticky":false,"template":"","format":"standard","meta":{"footnotes":""},"categories":[51],"tags":[],"class_list":["post-24720","post","type-post","status-publish","format-standard","has-post-thumbnail","hentry","category-general"],"_links":{"self":[{"href":"https:\/\/dekkbi.com\/index.php?rest_route=\/wp\/v2\/posts\/24720","targetHints":{"allow":["GET"]}}],"collection":[{"href":"https:\/\/dekkbi.com\/index.php?rest_route=\/wp\/v2\/posts"}],"about":[{"href":"https:\/\/dekkbi.com\/index.php?rest_route=\/wp\/v2\/types\/post"}],"author":[{"embeddable":true,"href":"https:\/\/dekkbi.com\/index.php?rest_route=\/wp\/v2\/users\/1"}],"replies":[{"embeddable":true,"href":"https:\/\/dekkbi.com\/index.php?rest_route=%2Fwp%2Fv2%2Fcomments&post=24720"}],"version-history":[{"count":1,"href":"https:\/\/dekkbi.com\/index.php?rest_route=\/wp\/v2\/posts\/24720\/revisions"}],"predecessor-version":[{"id":24721,"href":"https:\/\/dekkbi.com\/index.php?rest_route=\/wp\/v2\/posts\/24720\/revisions\/24721"}],"wp:featuredmedia":[{"embeddable":true,"href":"https:\/\/dekkbi.com\/index.php?rest_route=\/wp\/v2\/media\/24724"}],"wp:attachment":[{"href":"https:\/\/dekkbi.com\/index.php?rest_route=%2Fwp%2Fv2%2Fmedia&parent=24720"}],"wp:term":[{"taxonomy":"category","embeddable":true,"href":"https:\/\/dekkbi.com\/index.php?rest_route=%2Fwp%2Fv2%2Fcategories&post=24720"},{"taxonomy":"post_tag","embeddable":true,"href":"https:\/\/dekkbi.com\/index.php?rest_route=%2Fwp%2Fv2%2Ftags&post=24720"}],"curies":[{"name":"wp","href":"https:\/\/api.w.org\/{rel}","templated":true}]}}