{"id":24685,"date":"2023-11-08T10:41:50","date_gmt":"2023-11-08T10:41:50","guid":{"rendered":"https:\/\/dekkbi.com\/?p=24685"},"modified":"2023-11-08T10:41:51","modified_gmt":"2023-11-08T10:41:51","slug":"ouverture-du-one-polar-summit-consacre-aux-glaces-et-aux-poles-avec-la-guerre-en-toile-de-fond","status":"publish","type":"post","link":"https:\/\/dekkbi.com\/?p=24685","title":{"rendered":"Ouverture du \u00abOne Polar Summit\u00bb consacr\u00e9 aux glaces et aux p\u00f4les avec la guerre en toile de fond"},"content":{"rendered":"\n<p>Le One Polar Summit s&rsquo;ouvre ce mercredi 8 novembre \u00e0 Paris. C&rsquo;est une nouvelle \u00e9dition du One Planet Summit mis en place par Emmanuel Macron sur l&rsquo;environnement. Apr\u00e8s celui sur le th\u00e8me de la for\u00eat en mars dernier organis\u00e9 au Gabon, cette \u00e9dition est consacr\u00e9e aux glaces au sens large : \u00e0 la fois les p\u00f4les, la banquise sur les mers, les glaciers de nos montagnes et le perg\u00e9lisol &#8211; les sols en permanence gel\u00e9s -.<\/p>\n\n\n\n<p>Ce sommet se d\u00e9roule au Mus\u00e9um national d&rsquo;Histoire naturelle jusqu&rsquo;au vendredi 10 novembre. Pendant deux jours, scientifiques, ministres, militants environnementaux, explorateurs des p\u00f4les et des sommets enneig\u00e9s se r\u00e9unissent pour discuter des grands enjeux li\u00e9s \u00e0 ces zones gel\u00e9es de la plan\u00e8te, souvent oubli\u00e9s des n\u00e9gociations internationales.La journ\u00e9e de vendredi sera politique, avec plusieurs chefs d&rsquo;\u00c9tat et de gouvernement pr\u00e9sents. Le pr\u00e9sident fran\u00e7ais doit clore les travaux avec un \u00ab Appel de Paris sur les p\u00f4les et les glaciers \u00bb, un appel \u00e0 des mesures concr\u00e8tes et, insiste l&rsquo;\u00c9lys\u00e9e, un aspect diplomatique, pour que ces r\u00e9gions restent des espaces de paix, de coop\u00e9ration scientifique et environnementale malgr\u00e9 les tensions actuelles dans le monde.<\/p>\n\n\n\n<p>Un dialogue affect\u00e9 par les tensions internationales<\/p>\n\n\n\n<p>Avec la guerre entre Isra\u00ebl et le Hamas et la guerre en Ukraine, les tensions \u00e0 l&rsquo;international risquent d&rsquo;affecter le dialogue entre scientifiques. Mais S\u00e9bastien Treyer directeur de l&rsquo;Institut du D\u00e9veloppement durable et des Relations internationales (IDDRI) est plus optimiste puisque l&rsquo;Histoire nous l&rsquo;a prouv\u00e9 :  \u00ab Dans des temps de guerre froide extr\u00eamement durs, on a eu des accords transfrontaliers entre l&rsquo;Est et l&rsquo;Ouest qui ont \u00e9t\u00e9 marqu\u00e9s notamment par le fait que la coop\u00e9ration scientifique avait continu\u00e9. Je fais r\u00e9f\u00e9rence \u00e0 la question des pluies acides en Europe qui \u00e9tait une question est-ouest sur la r\u00e9duction des pollutions d&rsquo;origine soufr\u00e9es dans l&rsquo;industrie des deux c\u00f4t\u00e9s du rideau de fer. \u00bb<\/p>\n\n\n\n<p>Pour le directeur de l&rsquo;IDDRA, la science et la capacit\u00e9 des communaut\u00e9s scientifiques \u00e0 \u00e9changer entre elles est un fil directeur majeur de ce qui peut unir les pays m\u00eame quand on est dans une situation de conflit politique. Et aujourd&rsquo;hui, on le voit, malgr\u00e9 les tensions, entre les \u00c9tats-Unis et la Chine par exemple, les n\u00e9gociations climatiques continuent entre les deux pays. Un repr\u00e9sentant chinois sera d&rsquo;ailleurs pr\u00e9sent \u00e0 ce One Polar Summit.<\/p>\n","protected":false},"excerpt":{"rendered":"<p>Le One Polar Summit s&rsquo;ouvre ce mercredi 8 novembre \u00e0 Paris. C&rsquo;est une nouvelle \u00e9dition du One Planet Summit mis<\/p>\n","protected":false},"author":1,"featured_media":24686,"comment_status":"open","ping_status":"open","sticky":false,"template":"","format":"standard","meta":{"footnotes":""},"categories":[51],"tags":[],"class_list":["post-24685","post","type-post","status-publish","format-standard","has-post-thumbnail","hentry","category-general"],"_links":{"self":[{"href":"https:\/\/dekkbi.com\/index.php?rest_route=\/wp\/v2\/posts\/24685","targetHints":{"allow":["GET"]}}],"collection":[{"href":"https:\/\/dekkbi.com\/index.php?rest_route=\/wp\/v2\/posts"}],"about":[{"href":"https:\/\/dekkbi.com\/index.php?rest_route=\/wp\/v2\/types\/post"}],"author":[{"embeddable":true,"href":"https:\/\/dekkbi.com\/index.php?rest_route=\/wp\/v2\/users\/1"}],"replies":[{"embeddable":true,"href":"https:\/\/dekkbi.com\/index.php?rest_route=%2Fwp%2Fv2%2Fcomments&post=24685"}],"version-history":[{"count":1,"href":"https:\/\/dekkbi.com\/index.php?rest_route=\/wp\/v2\/posts\/24685\/revisions"}],"predecessor-version":[{"id":24687,"href":"https:\/\/dekkbi.com\/index.php?rest_route=\/wp\/v2\/posts\/24685\/revisions\/24687"}],"wp:featuredmedia":[{"embeddable":true,"href":"https:\/\/dekkbi.com\/index.php?rest_route=\/wp\/v2\/media\/24686"}],"wp:attachment":[{"href":"https:\/\/dekkbi.com\/index.php?rest_route=%2Fwp%2Fv2%2Fmedia&parent=24685"}],"wp:term":[{"taxonomy":"category","embeddable":true,"href":"https:\/\/dekkbi.com\/index.php?rest_route=%2Fwp%2Fv2%2Fcategories&post=24685"},{"taxonomy":"post_tag","embeddable":true,"href":"https:\/\/dekkbi.com\/index.php?rest_route=%2Fwp%2Fv2%2Ftags&post=24685"}],"curies":[{"name":"wp","href":"https:\/\/api.w.org\/{rel}","templated":true}]}}