{"id":24667,"date":"2023-11-08T10:10:40","date_gmt":"2023-11-08T10:10:40","guid":{"rendered":"https:\/\/dekkbi.com\/?p=24667"},"modified":"2023-11-08T10:10:40","modified_gmt":"2023-11-08T10:10:40","slug":"greve-du-saemss-cusems-le-mot-dordre-dune-journee-morte-des-syndicalistes-respecte","status":"publish","type":"post","link":"https:\/\/dekkbi.com\/?p=24667","title":{"rendered":"Gr\u00e8ve du SAEMSS- CUSEMS: Le mot d\u2019ordre d\u2019une \u00ab\u00a0journ\u00e9e morte\u00a0\u00bb des syndicalistes, respect\u00e9"},"content":{"rendered":"\n<p>Le Cadre unitaire des syndicats du moyen secondaire (CUSEMS) et le Syndicat autonome des enseignants du moyen secondaire du S\u00e9n\u00e9gal (SAEMSS), ont mis \u00e0 ex\u00e9cution leur plan d&rsquo;action. <\/p>\n\n\n\n<p>Ce mot d&rsquo;ordre de gr\u00e8ve commun\u00e9ment appel\u00e9, \u00ab\u00a0journ\u00e9e morte\u00a0\u00bb par ces syndicalistes, a \u00e9t\u00e9 respect\u00e9 au lyc\u00e9e Blaise Diagne, si l&rsquo;on se fie aux dires d&rsquo;un des \u00e9l\u00e8ves de ce lyc\u00e9e. Seule une mati\u00e8re a \u00e9t\u00e9 enseign\u00e9e aujourd&rsquo;hui. <\/p>\n\n\n\n<p>Pour rappel, ce plan a \u00e9t\u00e9 lanc\u00e9 pour faire respecter les accords sign\u00e9s et \u00e9galement, obtenir la lib\u00e9ration de leurs coll\u00e8gues d\u00e9tenus.<\/p>\n\n\n\n<figure class=\"wp-block-embed is-type-video is-provider-youtube wp-block-embed-youtube wp-embed-aspect-16-9 wp-has-aspect-ratio\"><div class=\"wp-block-embed__wrapper\">\n<iframe loading=\"lazy\" title=\"Gr\u00e8ve du SAEMSS- CUSEMS: Le mot d\u2019ordre d\u2019une &quot;journ\u00e9e morte&quot; des syndicalistes, respect\u00e9\" width=\"800\" height=\"450\" src=\"https:\/\/www.youtube.com\/embed\/yUank-E0ZEE?feature=oembed\" frameborder=\"0\" allow=\"accelerometer; autoplay; clipboard-write; encrypted-media; gyroscope; picture-in-picture; web-share\" allowfullscreen><\/iframe>\n<\/div><\/figure>\n","protected":false},"excerpt":{"rendered":"<p>Le Cadre unitaire des syndicats du moyen secondaire (CUSEMS) et le Syndicat autonome des enseignants du moyen secondaire du S\u00e9n\u00e9gal<\/p>\n","protected":false},"author":1,"featured_media":12529,"comment_status":"open","ping_status":"open","sticky":false,"template":"","format":"standard","meta":{"footnotes":""},"categories":[21],"tags":[],"class_list":["post-24667","post","type-post","status-publish","format-standard","has-post-thumbnail","hentry","category-societe"],"_links":{"self":[{"href":"https:\/\/dekkbi.com\/index.php?rest_route=\/wp\/v2\/posts\/24667","targetHints":{"allow":["GET"]}}],"collection":[{"href":"https:\/\/dekkbi.com\/index.php?rest_route=\/wp\/v2\/posts"}],"about":[{"href":"https:\/\/dekkbi.com\/index.php?rest_route=\/wp\/v2\/types\/post"}],"author":[{"embeddable":true,"href":"https:\/\/dekkbi.com\/index.php?rest_route=\/wp\/v2\/users\/1"}],"replies":[{"embeddable":true,"href":"https:\/\/dekkbi.com\/index.php?rest_route=%2Fwp%2Fv2%2Fcomments&post=24667"}],"version-history":[{"count":1,"href":"https:\/\/dekkbi.com\/index.php?rest_route=\/wp\/v2\/posts\/24667\/revisions"}],"predecessor-version":[{"id":24668,"href":"https:\/\/dekkbi.com\/index.php?rest_route=\/wp\/v2\/posts\/24667\/revisions\/24668"}],"wp:featuredmedia":[{"embeddable":true,"href":"https:\/\/dekkbi.com\/index.php?rest_route=\/wp\/v2\/media\/12529"}],"wp:attachment":[{"href":"https:\/\/dekkbi.com\/index.php?rest_route=%2Fwp%2Fv2%2Fmedia&parent=24667"}],"wp:term":[{"taxonomy":"category","embeddable":true,"href":"https:\/\/dekkbi.com\/index.php?rest_route=%2Fwp%2Fv2%2Fcategories&post=24667"},{"taxonomy":"post_tag","embeddable":true,"href":"https:\/\/dekkbi.com\/index.php?rest_route=%2Fwp%2Fv2%2Ftags&post=24667"}],"curies":[{"name":"wp","href":"https:\/\/api.w.org\/{rel}","templated":true}]}}