{"id":24568,"date":"2023-11-07T12:46:30","date_gmt":"2023-11-07T12:46:30","guid":{"rendered":"https:\/\/dekkbi.com\/?p=24568"},"modified":"2023-11-07T12:46:31","modified_gmt":"2023-11-07T12:46:31","slug":"acces-a-linformation-lunesco-devoile-un-plan-dactions-pour-encadrer-les-medias-sociaux-et-proteger-la-liberte-dexpression","status":"publish","type":"post","link":"https:\/\/dekkbi.com\/?p=24568","title":{"rendered":"Acc\u00e8s \u00e0 l\u2019information : l\u2019UNESCO d\u00e9voile un plan d\u2019actions pour encadrer les m\u00e9dias sociaux et prot\u00e9ger la libert\u00e9 d\u2019expression"},"content":{"rendered":"\n<p>Dakar, 7 nov (APS) \u2013 L\u2019Organisation des Nations unies pour l\u2019\u00e9ducation, la science et la culture (UNESCO) a annonc\u00e9 avoir d\u00e9voil\u00e9 lundi un plan d\u2019actions pour \u2018\u2019encadrer\u2019\u2019 les m\u00e9dias sociaux, \u2018\u2019tout en prot\u00e9geant la libert\u00e9 d\u2019expression et les droits humains\u2019\u2019.<\/p>\n\n\n\n<p>\u2018\u2019 Pour prot\u00e9ger l\u2019acc\u00e8s \u00e0 l\u2019information, nous devons encadrer sans attendre ces plateformes [les m\u00e9dias sociaux], tout en prot\u00e9geant la libert\u00e9 d\u2019expression et les droits humains\u2019\u2019, a dit sa directrice g\u00e9n\u00e9rale, Audrey Azouley,&nbsp; lors d\u2019une conf\u00e9rence de presse publi\u00e9e sur le site d\u2019informations de cette organisation.<\/p>\n\n\n\n<p>Reconnaissant que \u2018\u2019la lib\u00e9ration de la parole par le num\u00e9rique a repr\u00e9sent\u00e9 d\u2019immenses progr\u00e8s\u2019\u2019, la patronne de l\u2019UNESCO a aussi relev\u00e9 que \u2018\u2019les m\u00e9dias sociaux ont aussi acc\u00e9l\u00e9r\u00e9 et amplifi\u00e9 la diffusion de fausses informations et de discours de haine, faisant peser des risques majeurs sur la vie en soci\u00e9t\u00e9, la paix et la stabilit\u00e9\u2019\u2019.<\/p>\n\n\n\n<p>Elle pr\u00e9cise que \u2018\u2019le plan d\u2019actions est le fruit d\u2019une concertation d\u2019une ampleur in\u00e9dite dans le syst\u00e8me des Nations unies, avec plus de 10.000 contributions issues de 134 pays recueillies ces dix-huit derniers mois\u2019\u2019.<\/p>\n\n\n\n<p>Selon elle, ce plan d\u2019actions, con\u00e7u en collaboration avec \u2018\u2019 toutes les parties prenantes, gouvernements, autorit\u00e9s de r\u00e9gulation, soci\u00e9t\u00e9s civiles et les plateformes elles-m\u00eames\u2019\u2019, d\u00e9finit des \u2018\u2019principes \u00e0 respecter\u2019\u2019 et des \u2018\u2019mesures concr\u00e8tes\u2019\u2019.<\/p>\n\n\n\n<p>Parmi eux figurent notamment \u2018\u2019le respect des droits de l\u2019homme, la mise en place de r\u00e9gulateurs ind\u00e9pendants, ou la transparence des algorithmes\u2019\u2019, a-t-elle pr\u00e9cis\u00e9, ajoutant que &nbsp;\u00bbl\u2019 exigence cardinale, qui a guid\u00e9 ces travaux est&nbsp; : celle de pr\u00e9server toujours la libert\u00e9 d\u2019expression et tous les autres droits humains\u2019\u2019.<\/p>\n\n\n\n<p>Pour Audrey Azouley,&nbsp; \u2018\u2019contraindre ou brider la parole serait une terrible solution.\u2019\u2019<\/p>\n\n\n\n<p>Selon elle; \u2018\u2019des m\u00e9dias et des outils d\u2019information libres, de qualit\u00e9 et ind\u00e9pendants, constituent la meilleure r\u00e9ponse sur le long terme \u00e0 la d\u00e9sinformation&nbsp;\u00bb.<\/p>\n\n\n\n<p>Le plan d\u2019actions de l\u2019UNESCO pr\u00e9cise \u00e9galement que \u2018\u2019les plateformes doivent, notamment, se doter d\u2019\u00e9quipes de mod\u00e9rateurs qualifi\u00e9s, en nombre suffisant et parlant toutes les langues principales de leur m\u00e9dia social, afin de pouvoir effectuer un contr\u00f4le fiable et efficace des contenus mis en ligne\u2019\u2019.<\/p>\n\n\n\n<p>Cr\u00e9\u00e9e le 16 novembre 1945, au lendemain de la seconde Guerre mondiale, \u2018\u2019l\u2019UNESCO s\u2019efforce de promouvoir la libert\u00e9 d\u2019expression en ligne \u00e0 une \u00e9poque o\u00f9 l\u2019\u00e9cosyst\u00e8me num\u00e9rique offre de nouvelles opportunit\u00e9s mais multiplie \u00e9galement les d\u00e9fis pour la libert\u00e9 d\u2019expression\u2019\u2019.<\/p>\n\n\n\n<p>ABB\/AB\/ASG<\/p>\n","protected":false},"excerpt":{"rendered":"<p>Dakar, 7 nov (APS) \u2013 L\u2019Organisation des Nations unies pour l\u2019\u00e9ducation, la science et la culture (UNESCO) a annonc\u00e9 avoir<\/p>\n","protected":false},"author":1,"featured_media":24569,"comment_status":"open","ping_status":"open","sticky":false,"template":"","format":"standard","meta":{"footnotes":""},"categories":[46],"tags":[],"class_list":["post-24568","post","type-post","status-publish","format-standard","has-post-thumbnail","hentry","category-technology"],"_links":{"self":[{"href":"https:\/\/dekkbi.com\/index.php?rest_route=\/wp\/v2\/posts\/24568","targetHints":{"allow":["GET"]}}],"collection":[{"href":"https:\/\/dekkbi.com\/index.php?rest_route=\/wp\/v2\/posts"}],"about":[{"href":"https:\/\/dekkbi.com\/index.php?rest_route=\/wp\/v2\/types\/post"}],"author":[{"embeddable":true,"href":"https:\/\/dekkbi.com\/index.php?rest_route=\/wp\/v2\/users\/1"}],"replies":[{"embeddable":true,"href":"https:\/\/dekkbi.com\/index.php?rest_route=%2Fwp%2Fv2%2Fcomments&post=24568"}],"version-history":[{"count":1,"href":"https:\/\/dekkbi.com\/index.php?rest_route=\/wp\/v2\/posts\/24568\/revisions"}],"predecessor-version":[{"id":24570,"href":"https:\/\/dekkbi.com\/index.php?rest_route=\/wp\/v2\/posts\/24568\/revisions\/24570"}],"wp:featuredmedia":[{"embeddable":true,"href":"https:\/\/dekkbi.com\/index.php?rest_route=\/wp\/v2\/media\/24569"}],"wp:attachment":[{"href":"https:\/\/dekkbi.com\/index.php?rest_route=%2Fwp%2Fv2%2Fmedia&parent=24568"}],"wp:term":[{"taxonomy":"category","embeddable":true,"href":"https:\/\/dekkbi.com\/index.php?rest_route=%2Fwp%2Fv2%2Fcategories&post=24568"},{"taxonomy":"post_tag","embeddable":true,"href":"https:\/\/dekkbi.com\/index.php?rest_route=%2Fwp%2Fv2%2Ftags&post=24568"}],"curies":[{"name":"wp","href":"https:\/\/api.w.org\/{rel}","templated":true}]}}