{"id":24503,"date":"2023-11-03T12:50:17","date_gmt":"2023-11-03T12:50:17","guid":{"rendered":"https:\/\/dekkbi.com\/?p=24503"},"modified":"2023-11-03T12:50:18","modified_gmt":"2023-11-03T12:50:18","slug":"supposee-annulation-de-lelection-du-bureau-municipal-de-orkadiere-la-verite-des-faits","status":"publish","type":"post","link":"https:\/\/dekkbi.com\/?p=24503","title":{"rendered":"Suppos\u00e9e annulation de l\u2019\u00e9lection du bureau municipal de Orkadi\u00e9r\u00e9: La v\u00e9rit\u00e9 des faits\u00a0!"},"content":{"rendered":"\n<p>Dans son \u00e9dition de ce vendredi 3 octobre 2023, le journal \u00ab Sources A \u00bb a relat\u00e9 que le maire de Orkadi\u00e9r\u00e9 (d\u00e9partement de Kanel), Daouda Dia, par ailleurs nouveau ministre de l\u2019Elevage et des Productions animales, \u00ab r\u00e9siste \u00bb \u00e0 \u00ab la Cour d\u2019Appel de Saint-Louis qui a annul\u00e9, depuis mars 2022, l\u2019\u00e9lection des adjoints au maire de sa commune \u00bb pour non-respect de la parit\u00e9. <\/p>\n\n\n\n<p>Une information d\u00e9mentie par des responsables de ladite municipalit\u00e9. En effet, pr\u00e9sent\u00e9 par ledit journal comme le deuxi\u00e8me adjoint au maire, Mamadou Issa Niang, a d\u2019embl\u00e9e pr\u00e9cis\u00e9 qu\u2019il est plut\u00f4t premier adjoint. Il a, en outre, rappel\u00e9 que la mairie s\u2019est pourvue en cassation et que le dossier n\u2019est toujours pas vid\u00e9 par les juges de la juridiction supr\u00eame.<\/p>\n\n\n\n<p> \u00ab Le maire Daouda Dia ne r\u00e9siste pas sur la parit\u00e9 au niveau du bureau municipal, mais l\u2019affaire est entre les mains de la justice gr\u00e2ce \u00e0 un recours introduit, depuis un an, par la mairie devant la Cour supr\u00eame \u00bb, a-t-il notamment confi\u00e9 \u00e0 lesoleil.sn, site d\u2019informations du quotidien national.<\/p>\n\n\n\n<p>Aussi a-t-il indiqu\u00e9, \u00ab le sous-pr\u00e9fet Ibrahima Sougou, cit\u00e9 par le journal, est en retraite depuis 2019 et est remplac\u00e9 par Al Hassane Ba Ciss\u00e9\u00bb. Mamadou Issa Niang a, enfin, tenu \u00e0 pr\u00e9ciser que le budget de la commune pour la gestion 2023 est bien valid\u00e9, approuv\u00e9 et est d\u2019ailleurs en train d\u2019\u00eatre ex\u00e9cut\u00e9 et pour preuve, les salaires des agents sont pay\u00e9s et les projets et programmes de la mairie sont bien fonctionnels \u00bb.<\/p>\n\n\n\n<p>LESOLEIL<\/p>\n","protected":false},"excerpt":{"rendered":"<p>Dans son \u00e9dition de ce vendredi 3 octobre 2023, le journal \u00ab Sources A \u00bb a relat\u00e9 que le maire<\/p>\n","protected":false},"author":1,"featured_media":24504,"comment_status":"open","ping_status":"open","sticky":false,"template":"","format":"standard","meta":{"footnotes":""},"categories":[21],"tags":[],"class_list":["post-24503","post","type-post","status-publish","format-standard","has-post-thumbnail","hentry","category-societe"],"_links":{"self":[{"href":"https:\/\/dekkbi.com\/index.php?rest_route=\/wp\/v2\/posts\/24503","targetHints":{"allow":["GET"]}}],"collection":[{"href":"https:\/\/dekkbi.com\/index.php?rest_route=\/wp\/v2\/posts"}],"about":[{"href":"https:\/\/dekkbi.com\/index.php?rest_route=\/wp\/v2\/types\/post"}],"author":[{"embeddable":true,"href":"https:\/\/dekkbi.com\/index.php?rest_route=\/wp\/v2\/users\/1"}],"replies":[{"embeddable":true,"href":"https:\/\/dekkbi.com\/index.php?rest_route=%2Fwp%2Fv2%2Fcomments&post=24503"}],"version-history":[{"count":1,"href":"https:\/\/dekkbi.com\/index.php?rest_route=\/wp\/v2\/posts\/24503\/revisions"}],"predecessor-version":[{"id":24505,"href":"https:\/\/dekkbi.com\/index.php?rest_route=\/wp\/v2\/posts\/24503\/revisions\/24505"}],"wp:featuredmedia":[{"embeddable":true,"href":"https:\/\/dekkbi.com\/index.php?rest_route=\/wp\/v2\/media\/24504"}],"wp:attachment":[{"href":"https:\/\/dekkbi.com\/index.php?rest_route=%2Fwp%2Fv2%2Fmedia&parent=24503"}],"wp:term":[{"taxonomy":"category","embeddable":true,"href":"https:\/\/dekkbi.com\/index.php?rest_route=%2Fwp%2Fv2%2Fcategories&post=24503"},{"taxonomy":"post_tag","embeddable":true,"href":"https:\/\/dekkbi.com\/index.php?rest_route=%2Fwp%2Fv2%2Ftags&post=24503"}],"curies":[{"name":"wp","href":"https:\/\/api.w.org\/{rel}","templated":true}]}}