{"id":24483,"date":"2023-11-03T12:17:51","date_gmt":"2023-11-03T12:17:51","guid":{"rendered":"https:\/\/dekkbi.com\/?p=24483"},"modified":"2023-11-03T12:17:52","modified_gmt":"2023-11-03T12:17:52","slug":"guerre-dindependance-du-cameroun-la-responsabilite-de-la-france-va-t-elle-etre-enfin-etablie","status":"publish","type":"post","link":"https:\/\/dekkbi.com\/?p=24483","title":{"rendered":"Guerre d\u2019Ind\u00e9pendance du Cameroun : la responsabilit\u00e9 de la France va-t-elle \u00eatre enfin \u00e9tablie ?"},"content":{"rendered":"\n<p>Le mois dernier, la commission franco-camerounaise \u00ab Histoire et m\u00e9moires sur le r\u00f4le et l\u2019engagement de la France au Cameroun dans la r\u00e9pression contre les mouvements ind\u00e9pendantistes et d\u2019opposition entre 1945 et 1971 \u00bb, a re\u00e7u des archives classifi\u00e9es de la part du gouvernement fran\u00e7ais. Que nous apprennent ces archives ? Pourquoi cette histoire est-elle toujours taboue ? Que s\u2019est-il pass\u00e9 au Cameroun durant cette p\u00e9riode ? AnalyseC&rsquo;est le 18 octobre dernier que la France a livr\u00e9 ses archives classifi\u00e9es \u00e0 la commission franco-camerounaise, charg\u00e9e de \u00ab faire la lumi\u00e8re \u00bb sur la terrible guerre coloniale men\u00e9e par l\u2019arm\u00e9e fran\u00e7aise au Cameroun, avant et apr\u00e8s l\u2019ind\u00e9pendance du pays en 1960.De nouvelles archives d\u00e9classifi\u00e9esJusqu\u2019\u00e0 pr\u00e9sent, rien n\u2019a filtr\u00e9 sur la nature et le contenu de ces archives d\u00e9classifi\u00e9es.\u00ab D\u2019apr\u00e8s les informations que j\u2019ai, la commission n\u2019a rien trouv\u00e9 de nouveau. Ils lisent les livres et les travaux universitaires existants. Ils annoncent p\u00e9riodiquement l\u2019ouverture de \u00ab nouvelles archives \u00bb mais aucune pr\u00e9cision n\u2019est jamais donn\u00e9e sur ce point. \u00bb, nous a confi\u00e9 \u00e0 ce sujet le journaliste et essayiste fran\u00e7ais Thomas Deltombe, co-auteur de l\u2019ouvrage \u00ab Kamerun. Une guerre cach\u00e9e aux origines de la fran\u00e7afrique 1948-1971 \u00bb (ed. La D\u00e9couverte, 2010)<\/p>\n\n\n\n<p>De retour d\u2019un voyage au Cameroun, l\u2019historienne fran\u00e7aise Karine Ramondy, qui co-pr\u00e9side avec l\u2019artiste camerounais Blick Bassy cette commission, pr\u00e9cise qu\u2019il est trop t\u00f4t pour rendre public les informations trouv\u00e9es gr\u00e2ce \u00e0 ces archives d\u00e9classifi\u00e9es.Et elle ajoute : \u00ab Cela va venir certainement apr\u00e8s le volet recherche [La commission est constitu\u00e9e d\u2019un volet recherche dirig\u00e9 par Karine Ramondy, et d\u2019un volet consacr\u00e9 aux enjeux patrimoniaux et artistiques dirig\u00e9 par Blick Bassy, NDLR] qui aura lieu \u00e0 Paris fin novembre 2023. \u00bb\u00ab Nous avons eu acc\u00e8s \u00e0 de nombreuses archives (certaines rendues communicables par le gouvernement pr\u00e9c\u00e9dent, mais aussi par la loi PATR [Loi relative \u00e0 la pr\u00e9vention d\u2019actes de terrorisme et au renseignement, NDLR]), des archives sous d\u00e9rogations qui nous sont accord\u00e9es ais\u00e9ment et nous commen\u00e7ons \u00e0 travailler sur des archives d\u00e9classifi\u00e9es de la DGSE. Toute l\u2019\u00e9quipe a vocation \u00e0 demander leur d\u00e9classification et leur diffusion \u00e0 l\u2019issue du rendu du rapport. \u00bb, conclue-t-elle.Les travaux de la commission franco-camerounaise ont d\u00e9but\u00e9 en mars dernier et doivent \u00eatre rendus publics fin 2024.Le souvenir de ces acteurs ayant combattu pour l\u2019ind\u00e9pendance du Cameroun est sinon en voie d\u2019\u00eatre oubli\u00e9, du moins discr\u00e8tement entretenu et pas du tout assum\u00e9 publiquement.<\/p>\n","protected":false},"excerpt":{"rendered":"<p>Le mois dernier, la commission franco-camerounaise \u00ab Histoire et m\u00e9moires sur le r\u00f4le et l\u2019engagement de la France au Cameroun<\/p>\n","protected":false},"author":1,"featured_media":24484,"comment_status":"open","ping_status":"open","sticky":false,"template":"","format":"standard","meta":{"footnotes":""},"categories":[51],"tags":[],"class_list":["post-24483","post","type-post","status-publish","format-standard","has-post-thumbnail","hentry","category-general"],"_links":{"self":[{"href":"https:\/\/dekkbi.com\/index.php?rest_route=\/wp\/v2\/posts\/24483","targetHints":{"allow":["GET"]}}],"collection":[{"href":"https:\/\/dekkbi.com\/index.php?rest_route=\/wp\/v2\/posts"}],"about":[{"href":"https:\/\/dekkbi.com\/index.php?rest_route=\/wp\/v2\/types\/post"}],"author":[{"embeddable":true,"href":"https:\/\/dekkbi.com\/index.php?rest_route=\/wp\/v2\/users\/1"}],"replies":[{"embeddable":true,"href":"https:\/\/dekkbi.com\/index.php?rest_route=%2Fwp%2Fv2%2Fcomments&post=24483"}],"version-history":[{"count":1,"href":"https:\/\/dekkbi.com\/index.php?rest_route=\/wp\/v2\/posts\/24483\/revisions"}],"predecessor-version":[{"id":24485,"href":"https:\/\/dekkbi.com\/index.php?rest_route=\/wp\/v2\/posts\/24483\/revisions\/24485"}],"wp:featuredmedia":[{"embeddable":true,"href":"https:\/\/dekkbi.com\/index.php?rest_route=\/wp\/v2\/media\/24484"}],"wp:attachment":[{"href":"https:\/\/dekkbi.com\/index.php?rest_route=%2Fwp%2Fv2%2Fmedia&parent=24483"}],"wp:term":[{"taxonomy":"category","embeddable":true,"href":"https:\/\/dekkbi.com\/index.php?rest_route=%2Fwp%2Fv2%2Fcategories&post=24483"},{"taxonomy":"post_tag","embeddable":true,"href":"https:\/\/dekkbi.com\/index.php?rest_route=%2Fwp%2Fv2%2Ftags&post=24483"}],"curies":[{"name":"wp","href":"https:\/\/api.w.org\/{rel}","templated":true}]}}