{"id":24385,"date":"2023-11-02T10:30:27","date_gmt":"2023-11-02T10:30:27","guid":{"rendered":"https:\/\/dekkbi.com\/?p=24385"},"modified":"2023-11-02T10:30:29","modified_gmt":"2023-11-02T10:30:29","slug":"transport-aerien-levee-du-mot-dordre-de-greve-du-syndicat-suttaaas","status":"publish","type":"post","link":"https:\/\/dekkbi.com\/?p=24385","title":{"rendered":"Transport a\u00e9rien: Lev\u00e9e du mot d\u2019ordre de gr\u00e8ve du Syndicat SUTTAAAS"},"content":{"rendered":"\n<h3 class=\"wp-block-heading\">APS &#8211; Le minist\u00e8re des Transports a\u00e9riens et du D\u00e9veloppement des Infrastructures a\u00e9roportuaires annonce la lev\u00e9e du mot d\u2019ordre de gr\u00e8ve du Syndicat unique des travailleurs du transport a\u00e9rien et des activit\u00e9s annexes du S\u00e9n\u00e9gal (SUTTAAAS), initialement pr\u00e9vu les 1er et 2 novembre, a appris l\u2019APS de la tutelle, r\u00e9affirmant son \u00ab engagement en faveur du dialogue social construction \u00bb.<\/h3>\n\n\n\n<p>\u00ab (\u2026) Suite \u00e0 ces \u00e9changes fructueux, le mot d\u2019ordre de gr\u00e8ve initialement pr\u00e9vu les 1er et 2 novembre a \u00e9t\u00e9 lev\u00e9 \u00bb, \u00e9crit le communiqu\u00e9 du minist\u00e8re des Transports a\u00e9riens et du d\u00e9veloppement des Infrastructures a\u00e9roportuaires re\u00e7u \u00e0 l\u2019APS, mercredi.<\/p>\n\n\n\n<p>Le document sign\u00e9 par le ministre des Transports a\u00e9riens et du D\u00e9veloppement des Infrastructures a\u00e9roportuaires, Antoine Mbengue se f\u00e9licite du \u00ab sens des responsabilit\u00e9s des parties impliqu\u00e9es dans la r\u00e9solution du diff\u00e9rend qui les opposait \u00bb.<\/p>\n\n\n\n<p>\u00ab Le ministre des Transports a\u00e9riens et du D\u00e9veloppement des Infrastructures a\u00e9roportuaires r\u00e9affirme son engagement en faveur du dialogue social constructif et de la pr\u00e9servation d\u2019un environnement de travail favorable au sein de l\u2019industrie a\u00e9ronautique s\u00e9n\u00e9galaise \u00bb, souligne le texte en citant Antoine Mbengue.<\/p>\n\n\n\n<p>Le Syndicat unique des travailleurs du transport a\u00e9rien et des activit\u00e9s annexes du S\u00e9n\u00e9gal (SUTTAAAS) avait menac\u00e9, la semaine derni\u00e8re d\u2019aller vers un arr\u00eat de travail les 1er et 2 novembre.<\/p>\n\n\n\n<p>Dans une note d\u00e9clarative qu\u2019ils avaient envoy\u00e9e \u00e0 l\u2019APS, les travailleurs \u00e9voquaient notamment \u00ab la n\u00e9cessit\u00e9 de la tenue des engagements \u00bb. Ils informaient, \u00e0 cet effet , la direction de 2 AS (a\u00e9roport international Blaise Diagne assistance service) et leur minist\u00e8re de tutelle, les compagnies a\u00e9riennes, \u00ab d\u2019un arr\u00eat de travail le 1er et 2 novembre 2023, pour faire front contre la privation de nos droits et le non-respect des accords sign\u00e9s \u00bb.<\/p>\n\n\n\n<p>Parmi les revendications, figuraient \u00ab la confirmation de 95 agents en CDI (contrat \u00e0 dur\u00e9e ind\u00e9termin\u00e9e), le recrutement de 68 autres agents ainsi que l\u2019effectivit\u00e9 de l\u2019indemnit\u00e9 de logement, fix\u00e9s au 1er octobre 2023 \u00bb.<\/p>\n\n\n\n<p>\u00ab En d\u00e9pit de la mesure de hausse g\u00e9n\u00e9ralis\u00e9e des salaires dans le priv\u00e9 en vigueur depuis le 1er juillet et de l\u2019arr\u00eat\u00e9 d\u2019extension, la direction s\u2019arroge le droit d\u2019un refus cat\u00e9gorique. Sa justification repose sur l\u2019avis personnel de l\u2019inspecteur r\u00e9gional du travail de Thi\u00e8s, d\u00e9plore le Syndicat unique des travailleurs du transport a\u00e9rien et des activit\u00e9s annexes du S\u00e9n\u00e9gal (SUTTAAAS).<br><\/p>\n","protected":false},"excerpt":{"rendered":"<p>APS &#8211; Le minist\u00e8re des Transports a\u00e9riens et du D\u00e9veloppement des Infrastructures a\u00e9roportuaires annonce la lev\u00e9e du mot d\u2019ordre de<\/p>\n","protected":false},"author":1,"featured_media":24059,"comment_status":"open","ping_status":"open","sticky":false,"template":"","format":"standard","meta":{"footnotes":""},"categories":[26],"tags":[],"class_list":["post-24385","post","type-post","status-publish","format-standard","has-post-thumbnail","hentry","category-fait-divers"],"_links":{"self":[{"href":"https:\/\/dekkbi.com\/index.php?rest_route=\/wp\/v2\/posts\/24385","targetHints":{"allow":["GET"]}}],"collection":[{"href":"https:\/\/dekkbi.com\/index.php?rest_route=\/wp\/v2\/posts"}],"about":[{"href":"https:\/\/dekkbi.com\/index.php?rest_route=\/wp\/v2\/types\/post"}],"author":[{"embeddable":true,"href":"https:\/\/dekkbi.com\/index.php?rest_route=\/wp\/v2\/users\/1"}],"replies":[{"embeddable":true,"href":"https:\/\/dekkbi.com\/index.php?rest_route=%2Fwp%2Fv2%2Fcomments&post=24385"}],"version-history":[{"count":1,"href":"https:\/\/dekkbi.com\/index.php?rest_route=\/wp\/v2\/posts\/24385\/revisions"}],"predecessor-version":[{"id":24386,"href":"https:\/\/dekkbi.com\/index.php?rest_route=\/wp\/v2\/posts\/24385\/revisions\/24386"}],"wp:featuredmedia":[{"embeddable":true,"href":"https:\/\/dekkbi.com\/index.php?rest_route=\/wp\/v2\/media\/24059"}],"wp:attachment":[{"href":"https:\/\/dekkbi.com\/index.php?rest_route=%2Fwp%2Fv2%2Fmedia&parent=24385"}],"wp:term":[{"taxonomy":"category","embeddable":true,"href":"https:\/\/dekkbi.com\/index.php?rest_route=%2Fwp%2Fv2%2Fcategories&post=24385"},{"taxonomy":"post_tag","embeddable":true,"href":"https:\/\/dekkbi.com\/index.php?rest_route=%2Fwp%2Fv2%2Ftags&post=24385"}],"curies":[{"name":"wp","href":"https:\/\/api.w.org\/{rel}","templated":true}]}}