{"id":24378,"date":"2023-11-02T10:16:46","date_gmt":"2023-11-02T10:16:46","guid":{"rendered":"https:\/\/dekkbi.com\/?p=24378"},"modified":"2023-11-02T11:06:17","modified_gmt":"2023-11-02T11:06:17","slug":"ucad-un-colloque-rend-hommage-a-lilyan-kesteloot-specialiste-de-la-litterature-negro-africaine","status":"publish","type":"post","link":"https:\/\/dekkbi.com\/?p=24378","title":{"rendered":"UCAD: un colloque rend hommage \u00e0 Lilyan Kesteloot"},"content":{"rendered":"\n<p>Dakar, (APS)- Des personnalit\u00e9s universitaires, acad\u00e9miques et artistiques, d\u2019anciens \u00e9tudiants et coll\u00e8gues, ont rendu hommage, mercredi, \u00e0 Dakar, \u00e0 la professeure Lilyan Kesteloot, sp\u00e9cialiste reconnue de la litt\u00e9rature n\u00e9gro-africaine, a constat\u00e9 l\u2019APS.<\/p>\n\n\n\n<p>Longtemps directrice de recherches \u00e0 l\u2019Institut fondamental d\u2019Afrique noire de l\u2019universit\u00e9 Cheikh Anta Diop de Dakar (IFAN-CAD), l\u2019universitaire d\u2019origine belge d\u00e9c\u00e9d\u00e9 en 2018, \u00e0 Paris, a \u00e9t\u00e9 c\u00e9l\u00e9br\u00e9e lors d\u2019un colloque international de quatre jours qui d\u00e9marre ce mercredi \u00e0 l\u2019UCAD sous le th\u00e8me principal : \u00ab&nbsp;Litt\u00e9ratures africaines et \u00e9cologiques&nbsp;\u00bb.<\/p>\n\n\n\n<p>\u00ab&nbsp;Nous la c\u00e9l\u00e9brons, parce que c\u2019est une belge qui est n\u00e9e au Congo et a v\u00e9cu en Afrique et surtout ici au S\u00e9n\u00e9gal. Nous la c\u00e9l\u00e9brons aussi parce qu\u2019elle est la s\u00e8ve nourrici\u00e8re de la litt\u00e9rature africaine&nbsp;\u00bb, a dit le pr\u00e9sident du comit\u00e9 scientifique de ce colloque, Mamadou Ba.<\/p>\n\n\n\n<p>Professeur de litt\u00e9rature africaine \u00e0 l\u2019UCAD, il a mis en exergue la contribution de Lilyan Kesteloot dans \u00ab&nbsp;la formation et l\u2019encadrement&nbsp;\u00bb de beaucoup d\u2019universitaires s\u00e9n\u00e9galais et africains, en dirigeant des travaux de th\u00e8se et de m\u00e9moires de maitrise.<\/p>\n\n\n\n<p>\u00ab&nbsp;Elle nous a nourri par son savoir, par sa culture et a relu les manuscrits de beaucoup d\u2019\u00e9crivains, artistes s\u00e9n\u00e9galais et africains&nbsp;\u00bb, a rappel\u00e9 M. Ba<\/p>\n\n\n\n<p>\u00ab&nbsp;Lilyan Kesteloot a \u00e9t\u00e9 le professeur de tous ceux qui, en Afrique et dans le monde, ont \u00e9tudi\u00e9 la litt\u00e9rature africaine \u00e9crite et orale, en classe ou dans les livres&nbsp;\u00bb, a relev\u00e9 l\u2019homme de lettres Abdoulaye Racine Senghor, par ailleurs PCA du Mus\u00e9e des civilisations noires.<\/p>\n\n\n\n<p>Venu repr\u00e9senter le ministre de la culture et du patrimoine historique, il a parl\u00e9 d\u2019une \u00ab&nbsp;belge d\u2019origine qui est devenue et rest\u00e9e (\u2026) une africaine attachante, passionn\u00e9e et pertinente&nbsp;\u00bb.<\/p>\n\n\n\n<p>\u00ab&nbsp;Je retiens de la vie de Mme Lilyan Kesteloot un amour immod\u00e9r\u00e9 pour l\u2019Afrique&nbsp;\u00bb, a t\u00e9moign\u00e9 Jean Fran\u00e7ois Pakula, le d\u00e9l\u00e9gu\u00e9 g\u00e9n\u00e9ral de Wallonie Bruxelles \u00e0 Dakar.<\/p>\n\n\n\n<p>Il a salu\u00e9 l\u2019\u0153uvre d\u2019une dame \u00ab&nbsp;curieuse et passionn\u00e9e&nbsp;\u00bb, \u00ab&nbsp;exemplaire et rigoureuse&nbsp;\u00bb, une scientifique de renom qui \u00ab&nbsp;s\u2019est beaucoup int\u00e9ress\u00e9e aux cultures africaines&nbsp;\u00bb (orale et \u00e9crite)<\/p>\n","protected":false},"excerpt":{"rendered":"<p>Dakar, (APS)- Des personnalit\u00e9s universitaires, acad\u00e9miques et artistiques, d\u2019anciens \u00e9tudiants et coll\u00e8gues, ont rendu hommage, mercredi, \u00e0 Dakar, \u00e0 la<\/p>\n","protected":false},"author":1,"featured_media":24379,"comment_status":"open","ping_status":"open","sticky":false,"template":"","format":"standard","meta":{"footnotes":""},"categories":[21],"tags":[],"class_list":["post-24378","post","type-post","status-publish","format-standard","has-post-thumbnail","hentry","category-societe"],"_links":{"self":[{"href":"https:\/\/dekkbi.com\/index.php?rest_route=\/wp\/v2\/posts\/24378","targetHints":{"allow":["GET"]}}],"collection":[{"href":"https:\/\/dekkbi.com\/index.php?rest_route=\/wp\/v2\/posts"}],"about":[{"href":"https:\/\/dekkbi.com\/index.php?rest_route=\/wp\/v2\/types\/post"}],"author":[{"embeddable":true,"href":"https:\/\/dekkbi.com\/index.php?rest_route=\/wp\/v2\/users\/1"}],"replies":[{"embeddable":true,"href":"https:\/\/dekkbi.com\/index.php?rest_route=%2Fwp%2Fv2%2Fcomments&post=24378"}],"version-history":[{"count":2,"href":"https:\/\/dekkbi.com\/index.php?rest_route=\/wp\/v2\/posts\/24378\/revisions"}],"predecessor-version":[{"id":24411,"href":"https:\/\/dekkbi.com\/index.php?rest_route=\/wp\/v2\/posts\/24378\/revisions\/24411"}],"wp:featuredmedia":[{"embeddable":true,"href":"https:\/\/dekkbi.com\/index.php?rest_route=\/wp\/v2\/media\/24379"}],"wp:attachment":[{"href":"https:\/\/dekkbi.com\/index.php?rest_route=%2Fwp%2Fv2%2Fmedia&parent=24378"}],"wp:term":[{"taxonomy":"category","embeddable":true,"href":"https:\/\/dekkbi.com\/index.php?rest_route=%2Fwp%2Fv2%2Fcategories&post=24378"},{"taxonomy":"post_tag","embeddable":true,"href":"https:\/\/dekkbi.com\/index.php?rest_route=%2Fwp%2Fv2%2Ftags&post=24378"}],"curies":[{"name":"wp","href":"https:\/\/api.w.org\/{rel}","templated":true}]}}