{"id":24357,"date":"2023-11-01T11:50:56","date_gmt":"2023-11-01T11:50:56","guid":{"rendered":"https:\/\/dekkbi.com\/?p=24357"},"modified":"2023-11-01T11:50:56","modified_gmt":"2023-11-01T11:50:56","slug":"mali-la-mission-de-lonu-quitte-son-camp-a-kidal-aussitot-occupe-par-les-rebelles","status":"publish","type":"post","link":"https:\/\/dekkbi.com\/?p=24357","title":{"rendered":"Mali : la mission de l&rsquo;ONU quitte son camp \u00e0 Kidal, aussit\u00f4t occup\u00e9 par les rebelles"},"content":{"rendered":"\n<p>La r\u00e9bellion s\u00e9paratiste \u00e0 dominante touareg a revendiqu\u00e9 mardi 31 octobre avoir pris le contr\u00f4le d&rsquo;un camp tout juste \u00e9vacu\u00e9 par la mission de l&rsquo;ONU \u00e0 Kidal. Cette ville strat\u00e9gique au nord du Mali repr\u00e9sente un enjeu majeur de la bataille pour le territoire entre l\u2019\u00c9tat central et les groupes arm\u00e9s.<\/p>\n\n\n\n<p>Un \u00e9lu local, s&rsquo;exprimant sous le couvert de l&rsquo;anonymat, a confirm\u00e9 \u00e0 l&rsquo;AFP que les groupes qui viennent de reprendre les armes contre l\u2019\u00c9tat malien ont occup\u00e9 le camp sit\u00f4t celui-ci d\u00e9laiss\u00e9 par la Minusma.<\/p>\n\n\n\n<p>Le Cadre strat\u00e9gique permanent (CSP) \u00ab\u00a0prend d\u00e9sormais le contr\u00f4le des emprises abandonn\u00e9es par la Minusma \u00e0 Kidal\u00a0\u00bb, selon un communiqu\u00e9 de cette alliance de groupes arm\u00e9s.<\/p>\n\n\n\n<p><strong>Dernier camp dans la r\u00e9gion de Kidal<\/strong><\/p>\n\n\n\n<p>Un convoi de Casques bleus, compos\u00e9 de plus de cent v\u00e9hicules, avait auparavant quitt\u00e9 le camp en direction de Gao, grande ville du nord \u00e0 environ 350 km. C&rsquo;est le troisi\u00e8me et dernier camp \u00e9vacu\u00e9 par la Minusma dans la r\u00e9gion de Kidal, apr\u00e8s Tessalit et Aguelhok.<\/p>\n\n\n\n<p>La question de la r\u00e9ponse de la junte au pouvoir \u00e0 la prise de contr\u00f4le du camp de Kidal par les s\u00e9paratistes est d\u00e9sormais pos\u00e9e.La r\u00e9cente d\u00e9gradation s\u00e9curitaire entre tous les acteurs arm\u00e9s se disputant le contr\u00f4le du terrain dans le nord a pouss\u00e9 la Minusma \u00e0 acc\u00e9l\u00e9rer son retrait de ses bases. Elle envisageait initialement de d\u00e9crocher de Kidal plut\u00f4t vers la mi-novembre. La vaste et d\u00e9licate op\u00e9ration d&rsquo;\u00e9vacuation de Kidal \u00e9tait anticip\u00e9e depuis des semaines comme la plus inflammable de celles conduites par la Minusma depuis ao\u00fbt. <\/p>\n","protected":false},"excerpt":{"rendered":"<p>La r\u00e9bellion s\u00e9paratiste \u00e0 dominante touareg a revendiqu\u00e9 mardi 31 octobre avoir pris le contr\u00f4le d&rsquo;un camp tout juste \u00e9vacu\u00e9<\/p>\n","protected":false},"author":1,"featured_media":24358,"comment_status":"open","ping_status":"open","sticky":false,"template":"","format":"standard","meta":{"footnotes":""},"categories":[51],"tags":[],"class_list":["post-24357","post","type-post","status-publish","format-standard","has-post-thumbnail","hentry","category-general"],"_links":{"self":[{"href":"https:\/\/dekkbi.com\/index.php?rest_route=\/wp\/v2\/posts\/24357","targetHints":{"allow":["GET"]}}],"collection":[{"href":"https:\/\/dekkbi.com\/index.php?rest_route=\/wp\/v2\/posts"}],"about":[{"href":"https:\/\/dekkbi.com\/index.php?rest_route=\/wp\/v2\/types\/post"}],"author":[{"embeddable":true,"href":"https:\/\/dekkbi.com\/index.php?rest_route=\/wp\/v2\/users\/1"}],"replies":[{"embeddable":true,"href":"https:\/\/dekkbi.com\/index.php?rest_route=%2Fwp%2Fv2%2Fcomments&post=24357"}],"version-history":[{"count":1,"href":"https:\/\/dekkbi.com\/index.php?rest_route=\/wp\/v2\/posts\/24357\/revisions"}],"predecessor-version":[{"id":24359,"href":"https:\/\/dekkbi.com\/index.php?rest_route=\/wp\/v2\/posts\/24357\/revisions\/24359"}],"wp:featuredmedia":[{"embeddable":true,"href":"https:\/\/dekkbi.com\/index.php?rest_route=\/wp\/v2\/media\/24358"}],"wp:attachment":[{"href":"https:\/\/dekkbi.com\/index.php?rest_route=%2Fwp%2Fv2%2Fmedia&parent=24357"}],"wp:term":[{"taxonomy":"category","embeddable":true,"href":"https:\/\/dekkbi.com\/index.php?rest_route=%2Fwp%2Fv2%2Fcategories&post=24357"},{"taxonomy":"post_tag","embeddable":true,"href":"https:\/\/dekkbi.com\/index.php?rest_route=%2Fwp%2Fv2%2Ftags&post=24357"}],"curies":[{"name":"wp","href":"https:\/\/api.w.org\/{rel}","templated":true}]}}